{"id":10374,"date":"2025-05-21T14:12:14","date_gmt":"2025-05-21T12:12:14","guid":{"rendered":"https:\/\/catholiques17.fr\/jonzac\/?p=10374"},"modified":"2025-10-28T16:22:16","modified_gmt":"2025-10-28T15:22:16","slug":"laudato-si","status":"publish","type":"post","link":"https:\/\/catholiques17.fr\/jonzac\/2025\/05\/21\/laudato-si\/","title":{"rendered":"Laudato si&rsquo;"},"content":{"rendered":"<p>[et_pb_section fb_built=\u00a0\u00bb1&Prime; _builder_version=\u00a0\u00bb4.17.6&Prime; _module_preset=\u00a0\u00bbdefault\u00a0\u00bb custom_padding=\u00a0\u00bb0px|||||\u00a0\u00bb global_colors_info=\u00a0\u00bb{}\u00a0\u00bb theme_builder_area=\u00a0\u00bbpost_content\u00a0\u00bb][et_pb_row _builder_version=\u00a0\u00bb4.17.6&Prime; _module_preset=\u00a0\u00bbdefault\u00a0\u00bb global_colors_info=\u00a0\u00bb{}\u00a0\u00bb theme_builder_area=\u00a0\u00bbpost_content\u00a0\u00bb][et_pb_column type=\u00a0\u00bb4_4&Prime; _builder_version=\u00a0\u00bb4.17.6&Prime; _module_preset=\u00a0\u00bbdefault\u00a0\u00bb global_colors_info=\u00a0\u00bb{}\u00a0\u00bb theme_builder_area=\u00a0\u00bbpost_content\u00a0\u00bb][et_pb_text _builder_version=\u00a0\u00bb4.27.4&Prime; _module_preset=\u00a0\u00bbdefault\u00a0\u00bb hover_enabled=\u00a0\u00bb0&Prime; global_colors_info=\u00a0\u00bb{}\u00a0\u00bb theme_builder_area=\u00a0\u00bbpost_content\u00a0\u00bb sticky_enabled=\u00a0\u00bb0&Prime;]<\/p>\n<p>Apr\u00e8s le retour vers le P\u00e8re de notre cher pape Fran\u00e7ois, nous vous invitons \u00e0 (re)d\u00e9couvrir les grands textes qu&rsquo;il nous a laiss\u00e9s :<\/p>\n<p>En 2023 :<\/p>\n<p>8 ans apr\u00e8s <a href=\"https:\/\/www.vatican.va\/content\/francesco\/fr\/encyclicals\/documents\/papa-francesco_20150524_enciclica-laudato-si.html\">Laudato si\u2019<\/a>, le pape Fran\u00e7ois publie un nouveau texte sur l\u2019\u00e9cologie, Laudate Deum. Il alerte sur la gravit\u00e9 de la crise climatique, fustige les \u00ab puissants \u00bb et \u00ab met fin \u00e0 l\u2019id\u00e9e d\u2019un \u00eatre humain autonome, tout-puissant et illimit\u00e9 \u00bb.<\/p>\n<p>C\u2019est un coup de gong que veut frapper le pape Fran\u00e7ois, en publiant mercredi 4 octobre une nouvelle encyclique sur l\u2019\u00e9cologie, Laudate Deum (Louez Dieu). En 2015, la plus haute autorit\u00e9 de l\u2019\u00c9glise catholique avait \u00e9tonn\u00e9 le monde en publiant <a href=\"https:\/\/www.vatican.va\/content\/francesco\/fr\/encyclicals\/documents\/papa-francesco_20150524_enciclica-laudato-si.html\">Laudato si\u2019<\/a>, le texte le plus abouti jamais \u00e9crit par le Vatican sur l\u2019\u00e9cologie. Et d\u2019autant plus \u00e9tonn\u00e9 que l\u2019engagement \u00e9cologique \u00e9tait sans ambigu\u00eft\u00e9 et que le texte soulignait la dimension sociale ins\u00e9parable de l\u2019analyse \u00e9cologique.<\/p>\n<p>Avec le texte publi\u00e9 aujourd\u2019hui, plus court, c\u2019est un rappel de l\u2019importance de la catastrophe climatique que fait le pape. Pourquoi ? \u00ab Parce que la situation est en train de devenir encore plus urgente qu\u2019il y a huit ans \u00bb, \u00e9crit-il. \u00ab Je me rends compte au fil du temps que nos r\u00e9actions sont insuffisantes alors que le monde qui nous accueille s\u2019effrite et s\u2019approche peut-\u00eatre d\u2019un point de rupture. \u00bb Pour lui, la question n\u2019est pas seulement \u00e9cologique : \u00ab Le sens social de notre pr\u00e9occupation \u00e0 l\u2019\u00e9gard du changement climatique va au-del\u00e0 d\u2019une approche purement \u00e9cologique. \u00bb<\/p>\n<p>\u2022 <a href=\"https:\/\/www.vatican.va\/content\/francesco\/fr\/apost_exhortations\/documents\/20231004-laudate-deum.html\">Laudate Deum<\/a>:<\/p>\n<p>\u00ab Laudato si\u2019 \u00e9tait une encyclique assez dense, avec un contenu th\u00e9ologique pouss\u00e9. Laudate Deum est plus court, c\u2019est un appel, une lettre ouverte pour nous dire qu\u2019on n\u2019a pas beaucoup avanc\u00e9, et qu\u2019il est temps de se r\u00e9veiller. On per\u00e7oit une grande urgence \u00bb, analyse Dominique Lang, journaliste au P\u00e8lerin. Pour l\u2019auteur du blog \u00c9glise et \u00e9cologie, \u00ab ce texte a deux fonctions : l\u2019une est interne et consiste \u00e0 dire aux catholiques d\u2019arr\u00eater de chipoter, qu\u2019avec le changement climatique nous allons en prendre plein les dents ; l\u2019autre est externe, c\u2019est une forme de coup de pression aux responsables qui se r\u00e9uniront \u00e0 Duba\u00ef. \u00bb<\/p>\n<p>Le texte commence par une analyse de \u00ab la crise climatique globale \u00bb. Fran\u00e7ois rappelle qu\u2019\u00ab on ne peut plus douter de l\u2019origine humaine du changement climatique \u00bb, cite r\u00e9guli\u00e8rement le Groupe d\u2019experts intergouvernemental sur l\u2019\u00e9volution du climat (Giec) et \u00e9voque les \u00ab expressions tangibles d\u2019une maladie silencieuse qui nous affecte tous \u00bb : les ph\u00e9nom\u00e8nes extr\u00eames, les p\u00e9riodes de chaleur inhabituelle, les s\u00e9cheresses et \u00ab autres g\u00e9missements de la Terre \u00bb. \u00ab Nous avons beau essayer de les nier, de les cacher, de les dissimuler ou de les relativiser, les signes du changement climatique sont l\u00e0, toujours plus \u00e9vidents \u00bb, \u00e9crit-il. Et \u00ab la possibilit\u00e9 de parvenir \u00e0 un point critique est r\u00e9elle \u00bb.<\/p>\n<p>Pour le pontife, il ne fait \u00ab aucun doute \u00bb que les cons\u00e9quences du changement climatique \u00ab seront de plus en plus pr\u00e9judiciable \u00e0 la vie et aux familles de nombreuses personnes \u00bb : \u00ab Nous en ressentirons les effets dans les domaines de la sant\u00e9, de l\u2019emploi, de l\u2019acc\u00e8s aux ressources, du logement, des migrations forc\u00e9es, etc. Il s\u2019agit d\u2019un probl\u00e8me social global qui est intimement li\u00e9 \u00e0 la dignit\u00e9 de la vie humaine. \u00bb Sans oublier les menaces qui p\u00e8sent sur les autres esp\u00e8ces : \u00ab Les autres cr\u00e9atures de ce monde ont cess\u00e9 d\u2019\u00eatre nos compagnes de route pour devenir nos victimes. \u00bb<\/p>\n<p>Le pape s\u2019attelle \u00e9galement \u00e0 contrer les discours climatosceptiques, qui tentent de \u00ab ridiculiser ceux qui parlent de r\u00e9chauffement global \u00bb ou d\u2019en attribuer la responsabilit\u00e9 aux pauvres. \u00ab Comment oublier que l\u2019Afrique, qui abrite plus de la moiti\u00e9 des personnes les plus pauvres de la plan\u00e8te, n\u2019est responsable que d\u2019une infime partie des \u00e9missions historiques ? \u00bb \u00ab Ce rappel lucide est d\u2019autant plus n\u00e9cessaire que, depuis 2015, de nombreuses r\u00e9sistances \u00e0 la conversion \u00e9cologique persistent parmi les chr\u00e9tiens et dans la sph\u00e8re publique \u00bb, salue Eloi Descamps, porte-parole de Lutte et contemplation, un collectif souhaitant porter une voix chr\u00e9tienne dans les luttes \u00e9cologiques et sociales.<\/p>\n<p>Dans les pages de Laudate Deum, le pape d\u00e9plore aussi l\u2019apathie des \u00ab grandes puissances \u00e9conomiques \u00bb, \u00ab soucieuses du plus grand profit au moindre co\u00fbt et dans les plus brefs d\u00e9lais possibles \u00bb. En mars 2022, Fran\u00e7ois a rencontr\u00e9 des activistes ougandais en lutte contre la construction de l\u2019ol\u00e9oduc de p\u00e9trole brut Eacop (East Africa Crude Oil Pipeline) de Total. Il s\u2019attaque \u00ab au marketing et aux fausses informations de ceux qui disposent de plus de ressources \u00bb, dont usent les d\u00e9cideurs \u00ab pour illusionner les habitants de la r\u00e9gion en leur parlant du progr\u00e8s local qui pourra \u00eatre g\u00e9n\u00e9r\u00e9, ou des opportunit\u00e9s \u00e9conomiques en mati\u00e8re d\u2019emploi et de promotion humaine que cela signifiera pour leurs enfants \u00bb. En r\u00e9alit\u00e9, ajoute le pontife, on ne semble pas s\u2019int\u00e9resser vraiment \u00e0 l\u2019avenir de ces personnes, \u00ab car on ne leur dit pas clairement qu\u2019\u00e0 la suite de tel projet, il r\u00e9sultera une terre d\u00e9vast\u00e9e, des conditions beaucoup plus d\u00e9favorables pour vivre et prosp\u00e9rer \u00bb.<\/p>\n<p>S\u2019il consid\u00e8re que certaines interventions et avanc\u00e9es technologiques sont \u00ab positives \u00bb, comme l\u2019absorption et la capture de gaz \u00e0 effet de serre \u00e9mis, elles ne doivent pas constituer la base de l\u2019action climatique. Autrement, \u00ab nous courons le risque de rester enferm\u00e9s dans la logique du colmatage, du bricolage, du raboutage au fil de fer, alors qu\u2019un processus de d\u00e9t\u00e9rioration que nous continuons \u00e0 alimenter se d\u00e9roule par-dessous \u00bb.<\/p>\n<p>Le pape, agac\u00e9 par les \u00ab moqueries irresponsables qui pr\u00e9sentent ce sujet comme \u00e9tant uniquement environnemental, \u201cvert\u201d, romantique, souvent ridiculis\u00e9 par des int\u00e9r\u00eats \u00e9conomiques \u00bb, cro\u00eet beaucoup en l\u2019activisme. Y compris aux \u00ab actions de groupes fustig\u00e9s comme \u201cradicalis\u00e9s\u201d \u00bb qui \u00ab comblent un vide de la soci\u00e9t\u00e9 dans son ensemble qui devrait exercer une saine \u201cpression\u201d ; car toute famille doit penser que l\u2019avenir de ses enfants est en jeu. \u00bb Pour Eloi Descamps, \u00ab le pape confirme toute la l\u00e9gitimit\u00e9 de la soci\u00e9t\u00e9 civile dans son engagement collectif et radical pour une justice sociale climatique. Cet appel doit nous encourager \u00e0 rejoindre les mobilisations et \u00e0 nous opposer aux projets climaticides comme Eacop. \u00bb<\/p>\n<p>Aux \u00ab puissants \u00bb, dont il critique \u00ab le paradigme technocratique \u00bb, il \u00ab ose \u00bb r\u00e9p\u00e9ter une question pos\u00e9e dans Laudato si\u2019 : \u00ab Pourquoi veut-on pr\u00e9server aujourd\u2019hui un pouvoir qui laissera le souvenir de son incapacit\u00e9 \u00e0 intervenir lorsqu\u2019il \u00e9tait urgent et n\u00e9cessaire de le faire ? \u00bb<\/p>\n<p>Dans le dernier chapitre, plus spirituel, le pape veut mettre fin \u00e0 l\u2019anthropocentrisme qui a impr\u00e9gn\u00e9 la culture occidentale dans les derniers si\u00e8cles. Il propose un \u00ab anthropocentrisme situ\u00e9 \u00bb qui \u00ab reconna\u00eet que la vie humaine est incompr\u00e9hensible et insoutenable sans les autres cr\u00e9atures \u00bb. \u00ab Ainsi, nous mettons fin \u00e0 l\u2019id\u00e9e d\u2019un \u00eatre humain autonome, tout-puissant et illimit\u00e9, et nous nous repensons pour nous comprendre d\u2019une mani\u00e8re plus humble et plus riche. \u00bb<\/p>\n<p>&nbsp;<\/p>\n<p><a href=\"https:\/\/reporterre.net\/Le-pape-Francois-en-croisade-contre-les-climatosceptiques\">suite de l&rsquo;article sur le site reporterre<\/a><\/p>\n<p>[\/et_pb_text][et_pb_text _builder_version=\u00a0\u00bb4.27.4&Prime; _module_preset=\u00a0\u00bbdefault\u00a0\u00bb global_colors_info=\u00a0\u00bb{}\u00a0\u00bb theme_builder_area=\u00a0\u00bbpost_content\u00a0\u00bb]<\/p>\n<p>En 2022<\/p>\n<p><a href=\"https:\/\/eglise.catholique.fr\/vatican\/messages-du-saint-pere\/528025-lettre-apostolique-desiderio-desideravi\/\">Lettre apostolique Desiderio Desideravi<\/a><\/p>\n<p>En 2020<\/p>\n<p><a href=\"https:\/\/www.vatican.va\/content\/francesco\/fr\/encyclicals\/documents\/papa-francesco_20201003_enciclica-fratelli-tutti.html\">Encyclique FRATELLI TUTTI<\/a> (sur la fraternit\u00e9 et l\u2019amiti\u00e9 sociale)<\/p>\n<p>En 2015 :<\/p>\n<p><strong>En forme de plaidoyer pour une \u00e9cologie int\u00e9grale<\/strong><\/p>\n<p>Tout en \u00e9tant de lecture facile, le texte de cette <a href=\"http:\/\/w2.vatican.va\/content\/francesco\/fr\/encyclicals\/documents\/papa-francesco_20150524_enciclica-laudato-si.html\">encyclique Laudato si&rsquo;<\/a>, construit autour de six chapitres, est riche et profond.<\/p>\n<p><strong>Trois cl\u00e9s, trois axes, trois cris<\/strong><br \/>D&rsquo;autre part, on peut s&rsquo;appuyer sur une analyse du texte &#8211; propos\u00e9e par {{Elena Lasida}} (charg\u00e9e de mission \u00e0 <a href=\"http:\/\/www.justice-paix.cef.fr\/\">Justice et Paix<\/a> France, et par ailleurs directeur du Master \u00ab \u00c9conomie solidaire et logiques de march\u00e9 \u00bb au sein de l\u2019<a href=\"http:\/\/www.icp.fr\/\">ICP<\/a>) :<\/p>\n<p><a href=\"http:\/\/fr.aleteia.org\/2015\/06\/18\/lencyclique-laudato-si-decryptee-trois-cles-trois-axes-trois-cris\/\">\u00ab\u00a0Tout est li\u00e9, tout nous est donn\u00e9, tout est fragile.\u00a0\u00bb<\/a>|A lire sur Aleteia.org\u00a0<\/p>\n<p>Le <a href=\"https:\/\/www.famillechretienne.fr\/politique-societe\/environnement\/ecologie-le-vatican-rend-publique-l-encyclique-laudato-si-170854\/abecedaire-de-l-encyclique-laudato-si-171043\">magazine Famille Chr\u00e9tienne<\/a> nous pr\u00e9sente, sous forme d&rsquo;ab\u00e9c\u00e9daire,<br \/>une s\u00e9lection des passages les plus marquants.<\/p>\n<p><strong>Des pri\u00e8res pour la terre<\/strong><br \/>Pour conclure son magnifique texte encyclique, le Pape Fran\u00e7ois nous invite \u00e0 prier pour notre terre, en nous proposant le beau cantique de <a href=\"https:\/\/fr.wikipedia.org\/wiki\/Fran%C3%A7ois_d%27Assise\">Saint Fran\u00e7ois d&rsquo;Assise<\/a> :<\/p>\n<p>\u00ab Lou\u00e9 sois-tu, mon Seigneur,<br \/>avec toutes tes cr\u00e9atures,<br \/>sp\u00e9cialement messire fr\u00e8re soleil,<br \/>qui est le jour, et par lui tu nous illumines.<br \/>Et il est beau et rayonnant avec grande splendeur,<br \/>de toi, Tr\u00e8s Haut, il porte le signe.<br \/>Lou\u00e9 sois-tu, mon Seigneur,<br \/>pour s\u0153ur lune et les \u00e9toiles,<br \/>dans le ciel tu les as form\u00e9es<br \/>claires, pr\u00e9cieuses et belles.<br \/>Lou\u00e9 sois-tu, mon Seigneur, pour fr\u00e8re vent,<br \/>et pour l\u2019air et le nuage et le ciel serein<br \/>et tous les temps,<br \/>par lesquels \u00e0 tes cr\u00e9atures tu donnes soutien.<br \/>Lou\u00e9 sois-tu, mon Seigneur, pour s\u0153ur eau,<br \/>qui est tr\u00e8s utile et humble,<br \/>et pr\u00e9cieuse et chaste.<br \/>Lou\u00e9 sois-tu, mon Seigneur, pour fr\u00e8re feu,<br \/>par lequel tu illumines la nuit,<br \/>et il est beau et joyeux, et robuste et fort. \u00bb<\/p>\n<p><em>Cantique des cr\u00e9atures<\/em>, SC 285, p. 343. (cit\u00e9 dans ELS 87)<\/p>\n<p>[\/et_pb_text][et_pb_image src=\u00a0\u00bbhttps:\/\/catholiques17.fr\/jonzac\/wp-content\/uploads\/sites\/39\/2025\/04\/torrent-pyrenees.jpg\u00a0\u00bb title_text=\u00a0\u00bbtorrent pyr\u00e9n\u00e9es\u00a0\u00bb _builder_version=\u00a0\u00bb4.27.4&Prime; _module_preset=\u00a0\u00bbdefault\u00a0\u00bb global_colors_info=\u00a0\u00bb{}\u00a0\u00bb theme_builder_area=\u00a0\u00bbpost_content\u00a0\u00bb][\/et_pb_image][\/et_pb_column][\/et_pb_row][et_pb_row column_structure=\u00a0\u00bb1_2,1_2&Prime; _builder_version=\u00a0\u00bb4.27.4&Prime; _module_preset=\u00a0\u00bbdefault\u00a0\u00bb global_colors_info=\u00a0\u00bb{}\u00a0\u00bb theme_builder_area=\u00a0\u00bbpost_content\u00a0\u00bb][et_pb_column type=\u00a0\u00bb1_2&Prime; _builder_version=\u00a0\u00bb4.27.4&Prime; _module_preset=\u00a0\u00bbdefault\u00a0\u00bb global_colors_info=\u00a0\u00bb{}\u00a0\u00bb theme_builder_area=\u00a0\u00bbpost_content\u00a0\u00bb][et_pb_text _builder_version=\u00a0\u00bb4.27.4&Prime; _module_preset=\u00a0\u00bbdefault\u00a0\u00bb global_colors_info=\u00a0\u00bb{}\u00a0\u00bb theme_builder_area=\u00a0\u00bbpost_content\u00a0\u00bb]<\/p>\n<p class=\"bo-p\">En 2018 :<\/p>\n<p class=\"bo-p\"><a href=\"https:\/\/www.youtube.com\/watch?v=IvqdYT1vjbc\"><em>Le Pape Fran\u00e7ois un homme de parole<\/em><\/a> &#8211; documentaire de Win Wenders &#8211; titre original Pope Francis A man of his word &#8211;<\/p>\n<p class=\"bo-p\">Le 13 mars 2013, le Cardinal de Buenos Aires, Jorge Mario Bergoglio, devient le deux cent soixante sixi\u00e8me Souverain Pontife de l\u2019\u00c9glise Catholique. C\u2019est le premier Pape originaire d\u2019Am\u00e9rique du Sud, le premier j\u00e9suite nomm\u00e9 \u00c9v\u00eaque \u00e0 Rome, mais avant tout le premier chef de l\u2019\u00c9glise \u00e0 avoir choisi le pr\u00e9nom de Fran\u00e7ois d\u2019Assise (1181-1226), un des saints catholiques les plus r\u00e9v\u00e9r\u00e9s, qui avait d\u00e9di\u00e9 sa vie \u00e0 soulager les pauvres et \u00e9prouvait un profond amour pour la nature et toutes les cr\u00e9atures de la Terre qu\u2019il consid\u00e9rait comme la m\u00e8re supr\u00eame.<\/p>\n<p class=\"bo-p\">Le film, plus qu\u2019une biographie ou un documentaire, est un voyage initiatique dans l\u2019univers du Pape Fran\u00e7ois qui s\u2019articule autour de ses id\u00e9es et de son message, afin de pr\u00e9senter son travail, aussi bien que les r\u00e9formes et les r\u00e9ponses qu\u2019il propose face \u00e0 des questions aussi universelles que la mort, la justice sociale, l\u2019immigration, l\u2019\u00e9cologie, l\u2019in\u00e9galit\u00e9 de revenus, le mat\u00e9rialisme ou le r\u00f4le de la famille.<\/p>\n<p>[\/et_pb_text][\/et_pb_column][et_pb_column type=\u00a0\u00bb1_2&Prime; _builder_version=\u00a0\u00bb4.27.4&Prime; _module_preset=\u00a0\u00bbdefault\u00a0\u00bb global_colors_info=\u00a0\u00bb{}\u00a0\u00bb theme_builder_area=\u00a0\u00bbpost_content\u00a0\u00bb][et_pb_image src=\u00a0\u00bbhttps:\/\/catholiques17.fr\/jonzac\/wp-content\/uploads\/sites\/39\/2025\/04\/le-pape-Francois-un-homme-de-parole.jpg\u00a0\u00bb title_text=\u00a0\u00bble pape Fran\u00e7ois un homme de parole\u00a0\u00bb _builder_version=\u00a0\u00bb4.27.4&Prime; _module_preset=\u00a0\u00bbdefault\u00a0\u00bb global_colors_info=\u00a0\u00bb{}\u00a0\u00bb theme_builder_area=\u00a0\u00bbpost_content\u00a0\u00bb][\/et_pb_image][\/et_pb_column][\/et_pb_row][et_pb_row _builder_version=\u00a0\u00bb4.17.6&Prime; _module_preset=\u00a0\u00bbdefault\u00a0\u00bb global_colors_info=\u00a0\u00bb{}\u00a0\u00bb theme_builder_area=\u00a0\u00bbpost_content\u00a0\u00bb][et_pb_column type=\u00a0\u00bb4_4&Prime; _builder_version=\u00a0\u00bb4.17.6&Prime; _module_preset=\u00a0\u00bbdefault\u00a0\u00bb global_colors_info=\u00a0\u00bb{}\u00a0\u00bb theme_builder_area=\u00a0\u00bbpost_content\u00a0\u00bb][et_pb_testimonial portrait_url=\u00a0\u00bbhttps:\/\/catholiques17.fr\/jonzac\/wp-content\/uploads\/sites\/39\/2023\/01\/livre1.jpg\u00a0\u00bb _builder_version=\u00a0\u00bb4.27.4&Prime; _module_preset=\u00a0\u00bbdefault\u00a0\u00bb global_colors_info=\u00a0\u00bb{}\u00a0\u00bb theme_builder_area=\u00a0\u00bbpost_content\u00a0\u00bb]<\/p>\n<p>Tu veux \u00eatre grand\u00a0? Fais-toi petit, mets-toi au service de tous. Dans l\u2019\u00c9vangile d\u2019aujourd\u2019hui (Mc 9, 30-37), J\u00e9sus renouvelle notre mode de vie. Il nous enseigne que le vrai pouvoir ne r\u00e9side pas dans la domination du plus fort, mais dans l\u2019attention aux plus faibles.. <a href=\"https:\/\/www.aelf.org\/2024-09-22\/romain\/messe#\" class=\"spip_out\" rel=\"external\">#\u00c9vangileduJour<\/a><\/p>\n<p><i>Tweet du Pape Fran\u00e7ois du dimanche 22 septembre 2024<\/i><\/p>\n<p>[\/et_pb_testimonial][et_pb_divider color=\u00a0\u00bb#F49A24&Prime; divider_weight=\u00a0\u00bb2px\u00a0\u00bb _builder_version=\u00a0\u00bb4.21.0&Prime; _module_preset=\u00a0\u00bbdefault\u00a0\u00bb background_color=\u00a0\u00bb#FFFFFF\u00a0\u00bb global_colors_info=\u00a0\u00bb{}\u00a0\u00bb theme_builder_area=\u00a0\u00bbpost_content\u00a0\u00bb][\/et_pb_divider][\/et_pb_column][\/et_pb_row][\/et_pb_section]<\/p>\n","protected":false},"excerpt":{"rendered":"<p>Apr\u00e8s le retour vers le P\u00e8re de notre cher pape Fran\u00e7ois, nous vous invitons \u00e0 (re)d\u00e9couvrir les grands textes qu&rsquo;il nous a laiss\u00e9s : En 2023 : 8 ans apr\u00e8s [&hellip;]<\/p>\n","protected":false},"author":65,"featured_media":11187,"comment_status":"open","ping_status":"open","sticky":false,"template":"","format":"standard","meta":{"_et_pb_use_builder":"on","_et_pb_old_content":"","_et_gb_content_width":"","footnotes":""},"categories":[6],"tags":[],"class_list":["post-10374","post","type-post","status-publish","format-standard","has-post-thumbnail","hentry","category-actualite"],"_links":{"self":[{"href":"https:\/\/catholiques17.fr\/jonzac\/wp-json\/wp\/v2\/posts\/10374","targetHints":{"allow":["GET"]}}],"collection":[{"href":"https:\/\/catholiques17.fr\/jonzac\/wp-json\/wp\/v2\/posts"}],"about":[{"href":"https:\/\/catholiques17.fr\/jonzac\/wp-json\/wp\/v2\/types\/post"}],"author":[{"embeddable":true,"href":"https:\/\/catholiques17.fr\/jonzac\/wp-json\/wp\/v2\/users\/65"}],"replies":[{"embeddable":true,"href":"https:\/\/catholiques17.fr\/jonzac\/wp-json\/wp\/v2\/comments?post=10374"}],"version-history":[{"count":28,"href":"https:\/\/catholiques17.fr\/jonzac\/wp-json\/wp\/v2\/posts\/10374\/revisions"}],"predecessor-version":[{"id":11189,"href":"https:\/\/catholiques17.fr\/jonzac\/wp-json\/wp\/v2\/posts\/10374\/revisions\/11189"}],"wp:featuredmedia":[{"embeddable":true,"href":"https:\/\/catholiques17.fr\/jonzac\/wp-json\/wp\/v2\/media\/11187"}],"wp:attachment":[{"href":"https:\/\/catholiques17.fr\/jonzac\/wp-json\/wp\/v2\/media?parent=10374"}],"wp:term":[{"taxonomy":"category","embeddable":true,"href":"https:\/\/catholiques17.fr\/jonzac\/wp-json\/wp\/v2\/categories?post=10374"},{"taxonomy":"post_tag","embeddable":true,"href":"https:\/\/catholiques17.fr\/jonzac\/wp-json\/wp\/v2\/tags?post=10374"}],"curies":[{"name":"wp","href":"https:\/\/api.w.org\/{rel}","templated":true}]}}