{"id":11094,"global_id":"catholiques17.fr\/jonzac?id=11094","global_id_lineage":["catholiques17.fr\/jonzac?id=11094"],"author":"65","status":"publish","date":"2025-08-24 19:39:06","date_utc":"2025-08-24 17:39:06","modified":"2025-08-25 09:57:46","modified_utc":"2025-08-25 07:57:46","url":"https:\/\/catholiques17.fr\/jonzac\/event\/installation-de-notre-nouvel-eveque\/","rest_url":"https:\/\/catholiques17.fr\/jonzac\/wp-json\/tribe\/events\/v1\/events\/11094","title":"Prise de fonction de notre nouvel \u00e9v\u00eaque","description":"<div class=\"et_pb_module et_pb_text et_pb_text_0 et_pb_text_align_left et_pb_bg_layout_light\">\n<div class=\"et_pb_text_inner\">\n<h4>Le pape L\u00e9on XIV\u00a0a nomm\u00e9 ce mardi 19 ao\u00fbt,\u00a0\u00e9v\u00eaque coadjuteur de La Rochelle,\u00a0Monseigneur Pierre-Antoine Bozo.<\/h4>\n<h4>Il lui a conf\u00e9r\u00e9 les faculte\u0301s spe\u0301ciales qui consistent en la me\u0302me juridiction que celle qui appartient a\u0300 l\u2019Eve\u0302que dioce\u0301sain, selon le Can. 381 CIC.<\/h4>\n<h4>Monseigneur Pierre-Antoine Bozo \u00e9tait depuis 2017 \u00e9v\u00eaque du <a href=\"https:\/\/www.diocese-limoges.fr\/\">dioc\u00e8se de Limoges<\/a>.<\/h4>\n<h4>La prise de fonction aura lieu le 19 octobre 2025 apr\u00e8s-midi en la cath\u00e9drale de La Rochelle.<\/h4>\n<p><em>\u00ab\u00a0J&rsquo;arrive dans un dioc\u00e8se fragilis\u00e9 qui, je le pense, a besoin d&rsquo;un pasteur pr\u00e9sent sur le terrain, assure Mgr Pierre-Antoine Bozo. Je souhaite \u00eatre pr\u00e9sent, c&rsquo;est ce qui m&rsquo;est demand\u00e9. Je vais beaucoup parl\u00e9 et \u00eatre \u00e0 l&rsquo;\u00e9coute.\u00a0\u00bb<\/em><\/p>\n<p><em>Extrait de l&rsquo;<a href=\"https:\/\/catholiques17.fr\/jonzac\/?page_id=11105&amp;et_fb=1&amp;PageSpeed=off\">article paru dans le journal La Croix le 19 ao\u00fbt 2025<\/a><\/em><\/p>\n<\/div>\n<\/div>\n<p>&nbsp;<\/p>\n<p><a href=\"https:\/\/www.youtube.com\/watch?v=AQTRmVjaXd0\"><img loading=\"lazy\" decoding=\"async\" class=\"alignnone size-medium wp-image-11097\" src=\"https:\/\/catholiques17.fr\/jonzac\/wp-content\/uploads\/sites\/39\/2025\/08\/Portrait-de-notre-nouvel-eveque-par-la-chaine-catholique-KTO-300x185.jpg\" alt=\"\" width=\"300\" height=\"185\" \/><\/a><\/p>","excerpt":"","slug":"installation-de-notre-nouvel-eveque","image":{"url":"https:\/\/catholiques17.fr\/jonzac\/wp-content\/uploads\/sites\/39\/2025\/08\/Pierre-Antoine-Bozo.jpg","id":11095,"extension":"jpg","width":413,"height":336,"filesize":36877,"sizes":{"medium":{"width":300,"height":244,"mime-type":"image\/jpeg","filesize":16409,"url":"https:\/\/catholiques17.fr\/jonzac\/wp-content\/uploads\/sites\/39\/2025\/08\/Pierre-Antoine-Bozo-300x244.jpg"},"thumbnail":{"width":150,"height":150,"mime-type":"image\/jpeg","filesize":6798,"url":"https:\/\/catholiques17.fr\/jonzac\/wp-content\/uploads\/sites\/39\/2025\/08\/Pierre-Antoine-Bozo-150x150.jpg"},"et-pb-post-main-image":{"width":400,"height":250,"mime-type":"image\/jpeg","filesize":19803,"url":"https:\/\/catholiques17.fr\/jonzac\/wp-content\/uploads\/sites\/39\/2025\/08\/Pierre-Antoine-Bozo-400x250.jpg"},"et-pb-portfolio-image":{"width":400,"height":284,"mime-type":"image\/jpeg","filesize":21766,"url":"https:\/\/catholiques17.fr\/jonzac\/wp-content\/uploads\/sites\/39\/2025\/08\/Pierre-Antoine-Bozo-400x284.jpg"},"et-pb-gallery-module-image-portrait":{"width":400,"height":336,"mime-type":"image\/jpeg","filesize":26343,"url":"https:\/\/catholiques17.fr\/jonzac\/wp-content\/uploads\/sites\/39\/2025\/08\/Pierre-Antoine-Bozo-400x336.jpg"}}},"all_day":false,"start_date":"2025-10-19 15:00:00","start_date_details":{"year":"2025","month":"10","day":"19","hour":"15","minutes":"00","seconds":"00"},"end_date":"2025-10-19 17:00:00","end_date_details":{"year":"2025","month":"10","day":"19","hour":"17","minutes":"00","seconds":"00"},"utc_start_date":"2025-10-19 13:00:00","utc_start_date_details":{"year":"2025","month":"10","day":"19","hour":"13","minutes":"00","seconds":"00"},"utc_end_date":"2025-10-19 15:00:00","utc_end_date_details":{"year":"2025","month":"10","day":"19","hour":"15","minutes":"00","seconds":"00"},"timezone":"Europe\/Paris","timezone_abbr":"CEST","cost":"","cost_details":{"currency_symbol":"\u20ac","currency_code":"USD","currency_position":"suffix","values":[]},"website":"","show_map":true,"show_map_link":true,"hide_from_listings":false,"sticky":false,"featured":false,"categories":[{"name":"Dioc\u00e8se","slug":"diocese","term_group":0,"term_taxonomy_id":39,"taxonomy":"tribe_events_cat","description":"","parent":0,"count":9,"filter":"raw","id":39,"urls":{"self":"https:\/\/catholiques17.fr\/jonzac\/wp-json\/tribe\/events\/v1\/categories\/39","collection":"https:\/\/catholiques17.fr\/jonzac\/wp-json\/tribe\/events\/v1\/categories"}}],"tags":[],"venue":{"id":10661,"author":"65","status":"publish","date":"2025-06-02 15:54:21","date_utc":"2025-06-02 13:54:21","modified":"2025-06-02 15:54:21","modified_utc":"2025-06-02 13:54:21","url":"https:\/\/catholiques17.fr\/jonzac\/lieu\/cathedrale-saint-louis\/","venue":"Cath\u00e9drale Saint Louis","slug":"cathedrale-saint-louis","address":"place de Verdun","city":"La Rochelle","zip":"17000","json_ld":{"@type":"Place","name":"Cath\u00e9drale Saint Louis","description":"","url":"","address":{"@type":"PostalAddress","streetAddress":"place de Verdun","addressLocality":"La Rochelle","postalCode":"17000"},"telephone":"","sameAs":""},"show_map":true,"show_map_link":true,"global_id":"catholiques17.fr\/jonzac?id=10661","global_id_lineage":["catholiques17.fr\/jonzac?id=10661"]},"organizer":[],"custom_fields":[],"json_ld":{"@context":"http:\/\/schema.org","@type":"Event","name":"Prise de fonction de notre nouvel \u00e9v\u00eaque","description":"&lt;p&gt;Le pape L\u00e9on XIV\u00a0a nomm\u00e9 ce mardi 19 ao\u00fbt,\u00a0\u00e9v\u00eaque coadjuteur de La Rochelle,\u00a0Monseigneur Pierre-Antoine Bozo. Il lui a conf\u00e9r\u00e9 les faculte\u0301s spe\u0301ciales qui consistent en la me\u0302me juridiction que celle [&hellip;]&lt;\/p&gt;\\n","image":"https:\/\/catholiques17.fr\/jonzac\/wp-content\/uploads\/sites\/39\/2025\/08\/Pierre-Antoine-Bozo.jpg","url":"https:\/\/catholiques17.fr\/jonzac\/event\/installation-de-notre-nouvel-eveque\/","eventAttendanceMode":"https:\/\/schema.org\/OfflineEventAttendanceMode","eventStatus":"https:\/\/schema.org\/EventScheduled","startDate":"2025-10-19T15:00:00+02:00","endDate":"2025-10-19T17:00:00+02:00","location":{"@type":"Place","name":"Cath\u00e9drale Saint Louis","description":"","url":"","address":{"@type":"PostalAddress","streetAddress":"place de Verdun","addressLocality":"La Rochelle","postalCode":"17000"},"telephone":"","sameAs":""},"performer":"Organization"}}