{"id":8365,"date":"2026-03-06T15:36:49","date_gmt":"2026-03-06T14:36:49","guid":{"rendered":"https:\/\/catholiques17.fr\/ecochretiens17\/?p=8365"},"modified":"2026-03-06T15:36:50","modified_gmt":"2026-03-06T14:36:50","slug":"re-lire-laudato-si-avec-ecochretiens17-en-visio","status":"publish","type":"post","link":"https:\/\/catholiques17.fr\/ecochretiens17\/2026\/03\/06\/re-lire-laudato-si-avec-ecochretiens17-en-visio\/","title":{"rendered":"Re-Lire Laudato Si&rsquo; avec EcoChr\u00e9tiens17 en Visio"},"content":{"rendered":"\n<hr class=\"wp-block-separator alignfull has-alpha-channel-opacity\" \/>\n\n\n\n<p><\/p>\n\n\n\n<p>Depuis la cr\u00e9ation du service dioc\u00e9sain d\u2019\u00e9cologie int\u00e9grale&nbsp; \u00ab&nbsp;Eco chr\u00e9tiens 17&nbsp;\u00bb ,&nbsp; vous avez \u00e9t\u00e9 nombreux \u00e0 participer aux journ\u00e9es nature, aux parcours et haltes spirituels, aux conf\u00e9rences, fresques du climat, etc.<\/p>\n\n\n\n<p>Quelques-uns et quelques-unes d\u2019entre vous ont&nbsp;souhait\u00e9 maintenir un lien avec Eco chr\u00e9tiens 17. Alors pourquoi ne pas profiter de l\u2019ann\u00e9e jubilaire de St Fran\u00e7ois pour se retrouver et poursuivre ensemble notre exploration ?<\/p>\n\n\n\n<p>11 ans apr\u00e8s la parution de Laudato Si\u2019, n\u2019est-ce pas le moment de programmer&nbsp;<strong>6 rencontres&nbsp; visio mensuelles \u00ab&nbsp;Laudato Si\u2019 &nbsp;\u00bb&nbsp;<\/strong>:&nbsp; 6 chapitres de l\u2019encyclique pour 6 soir\u00e9es de relecture, d\u2019\u00e9change et d\u2019actualisation de ce texte proph\u00e9tique ?*<\/p>\n\n\n\n<p>Pour vous pr\u00e9senter ce programme et le valider ensemble, nous vous proposons une&nbsp;premi\u00e8re rencontre prologue :&nbsp;<\/p>\n\n\n\n<p><strong>Mardi 24 mars 2026 \u00e0 20h**<\/strong><\/p>\n\n\n\n<p><strong>Pour tous renseignements&nbsp; et pour&nbsp;recevoir le lien zoom&nbsp; contactez :&nbsp;<\/strong><a href=\"mailto:ecochretiens17@gmail.com\" target=\"_blank\" rel=\"noreferrer noopener\">ecochretiens17@gmail.com<\/a><\/p>\n\n\n\n<p>* Pour un partage fructueux lors de nos visios, il sera demand\u00e9 \u00e0 chaque participant de lire et d\u2019annoter chaque&nbsp;chapitre avant la rencontre et noter en quoi ces informations&nbsp;&nbsp;nous touchent, nous d\u00e9rangent, nous questionnent, nous nourrissent\u2026&nbsp;&nbsp;et impactent la vie de chacun.<\/p>\n\n\n\n<p>** pour les rencontres suivantes, nous conviendrons des jours, heures et dur\u00e9e qui conviennent au plus grand nombre<\/p>\n","protected":false},"excerpt":{"rendered":"<p>Depuis la cr\u00e9ation du service dioc\u00e9sain d\u2019\u00e9cologie int\u00e9grale&nbsp; \u00ab&nbsp;Eco chr\u00e9tiens 17&nbsp;\u00bb ,&nbsp; vous avez \u00e9t\u00e9 nombreux \u00e0 participer aux journ\u00e9es nature, aux parcours et haltes spirituels, aux conf\u00e9rences, fresques du [&hellip;]<\/p>\n","protected":false},"author":49,"featured_media":8368,"comment_status":"open","ping_status":"open","sticky":false,"template":"","format":"standard","meta":{"_et_pb_use_builder":"off","_et_pb_old_content":"","_et_gb_content_width":"","footnotes":""},"categories":[6,30],"tags":[],"class_list":["post-8365","post","type-post","status-publish","format-standard","has-post-thumbnail","hentry","category-actualite","category-animation-ec17"],"_links":{"self":[{"href":"https:\/\/catholiques17.fr\/ecochretiens17\/wp-json\/wp\/v2\/posts\/8365","targetHints":{"allow":["GET"]}}],"collection":[{"href":"https:\/\/catholiques17.fr\/ecochretiens17\/wp-json\/wp\/v2\/posts"}],"about":[{"href":"https:\/\/catholiques17.fr\/ecochretiens17\/wp-json\/wp\/v2\/types\/post"}],"author":[{"embeddable":true,"href":"https:\/\/catholiques17.fr\/ecochretiens17\/wp-json\/wp\/v2\/users\/49"}],"replies":[{"embeddable":true,"href":"https:\/\/catholiques17.fr\/ecochretiens17\/wp-json\/wp\/v2\/comments?post=8365"}],"version-history":[{"count":3,"href":"https:\/\/catholiques17.fr\/ecochretiens17\/wp-json\/wp\/v2\/posts\/8365\/revisions"}],"predecessor-version":[{"id":8370,"href":"https:\/\/catholiques17.fr\/ecochretiens17\/wp-json\/wp\/v2\/posts\/8365\/revisions\/8370"}],"wp:featuredmedia":[{"embeddable":true,"href":"https:\/\/catholiques17.fr\/ecochretiens17\/wp-json\/wp\/v2\/media\/8368"}],"wp:attachment":[{"href":"https:\/\/catholiques17.fr\/ecochretiens17\/wp-json\/wp\/v2\/media?parent=8365"}],"wp:term":[{"taxonomy":"category","embeddable":true,"href":"https:\/\/catholiques17.fr\/ecochretiens17\/wp-json\/wp\/v2\/categories?post=8365"},{"taxonomy":"post_tag","embeddable":true,"href":"https:\/\/catholiques17.fr\/ecochretiens17\/wp-json\/wp\/v2\/tags?post=8365"}],"curies":[{"name":"wp","href":"https:\/\/api.w.org\/{rel}","templated":true}]}}