{"id":8349,"date":"2025-09-15T12:03:55","date_gmt":"2025-09-15T10:03:55","guid":{"rendered":"https:\/\/catholiques17.fr\/ecochretiens17\/?p=8349"},"modified":"2025-09-15T12:03:56","modified_gmt":"2025-09-15T10:03:56","slug":"un-parcours-spirituel-renouvele","status":"publish","type":"post","link":"https:\/\/catholiques17.fr\/ecochretiens17\/2025\/09\/15\/un-parcours-spirituel-renouvele\/","title":{"rendered":"Un parcours spirituel renouvel\u00e9&#8230;"},"content":{"rendered":"\n<hr class=\"wp-block-separator alignwide has-alpha-channel-opacity\" \/>\n\n\n\n<p><\/p>\n\n\n\n<p class=\"has-text-align-center\">Cheminer, Re-d\u00e9couvrir, Vivre pleinement &#8230; une \u00e9cologie humaine dans son  int\u00e9gralit\u00e9.<\/p>\n\n\n\n<p>Nous vous proposons, pour la troisi\u00e8me ann\u00e9e, huit journ\u00e9es de ressourcements, d&rsquo;\u00e9coute, de contemplations, de r\u00e9flexions, de pri\u00e8res&#8230; afin d&rsquo;ouvrir notre regard sur notre maison commune , sa beaut\u00e9, sa richesse.<\/p>\n\n\n\n<p>Ouvert \u00e0 toutes et tous. Pour vous inscrire:  <strong>ecochretiens17@gmail.com<\/strong><\/p>\n","protected":false},"excerpt":{"rendered":"<p>Cheminer, Re-d\u00e9couvrir, Vivre pleinement &#8230; une \u00e9cologie humaine dans son int\u00e9gralit\u00e9. Nous vous proposons, pour la troisi\u00e8me ann\u00e9e, huit journ\u00e9es de ressourcements, d&rsquo;\u00e9coute, de contemplations, de r\u00e9flexions, de pri\u00e8res&#8230; afin [&hellip;]<\/p>\n","protected":false},"author":49,"featured_media":8350,"comment_status":"open","ping_status":"open","sticky":false,"template":"","format":"standard","meta":{"_et_pb_use_builder":"off","_et_pb_old_content":"","_et_gb_content_width":"","footnotes":""},"categories":[6,30],"tags":[],"class_list":["post-8349","post","type-post","status-publish","format-standard","has-post-thumbnail","hentry","category-actualite","category-animation-ec17"],"_links":{"self":[{"href":"https:\/\/catholiques17.fr\/ecochretiens17\/wp-json\/wp\/v2\/posts\/8349","targetHints":{"allow":["GET"]}}],"collection":[{"href":"https:\/\/catholiques17.fr\/ecochretiens17\/wp-json\/wp\/v2\/posts"}],"about":[{"href":"https:\/\/catholiques17.fr\/ecochretiens17\/wp-json\/wp\/v2\/types\/post"}],"author":[{"embeddable":true,"href":"https:\/\/catholiques17.fr\/ecochretiens17\/wp-json\/wp\/v2\/users\/49"}],"replies":[{"embeddable":true,"href":"https:\/\/catholiques17.fr\/ecochretiens17\/wp-json\/wp\/v2\/comments?post=8349"}],"version-history":[{"count":4,"href":"https:\/\/catholiques17.fr\/ecochretiens17\/wp-json\/wp\/v2\/posts\/8349\/revisions"}],"predecessor-version":[{"id":8354,"href":"https:\/\/catholiques17.fr\/ecochretiens17\/wp-json\/wp\/v2\/posts\/8349\/revisions\/8354"}],"wp:featuredmedia":[{"embeddable":true,"href":"https:\/\/catholiques17.fr\/ecochretiens17\/wp-json\/wp\/v2\/media\/8350"}],"wp:attachment":[{"href":"https:\/\/catholiques17.fr\/ecochretiens17\/wp-json\/wp\/v2\/media?parent=8349"}],"wp:term":[{"taxonomy":"category","embeddable":true,"href":"https:\/\/catholiques17.fr\/ecochretiens17\/wp-json\/wp\/v2\/categories?post=8349"},{"taxonomy":"post_tag","embeddable":true,"href":"https:\/\/catholiques17.fr\/ecochretiens17\/wp-json\/wp\/v2\/tags?post=8349"}],"curies":[{"name":"wp","href":"https:\/\/api.w.org\/{rel}","templated":true}]}}