{"id":8340,"date":"2025-07-17T10:30:38","date_gmt":"2025-07-17T08:30:38","guid":{"rendered":"https:\/\/catholiques17.fr\/ecochretiens17\/?p=8340"},"modified":"2025-07-17T10:33:45","modified_gmt":"2025-07-17T08:33:45","slug":"pour-une-conversion-ecologique","status":"publish","type":"post","link":"https:\/\/catholiques17.fr\/ecochretiens17\/2025\/07\/17\/pour-une-conversion-ecologique\/","title":{"rendered":"Pour une conversion \u00e9cologique"},"content":{"rendered":"\n<hr class=\"wp-block-separator aligncenter has-alpha-channel-opacity\" \/>\n\n\n\n<p><\/p>\n\n\n\n<p class=\"has-text-align-center\">Prendre un peu de temps pour red\u00e9couvrir l&rsquo;essentiel, pour contempler ce qui nous entoure, porter un regard nouveau sur les autres, notre maison commune, notre foi, nous m\u00eame &#8230;<\/p>\n\n\n\n<p class=\"has-text-align-center\">Dans un lieu diff\u00e9rent \u00e0 chaque rencontre vous pourrez faire l&rsquo;exp\u00e9rience d&rsquo;une \u00e9cologie dans son int\u00e9gralit\u00e9, dans une vision globale, pour une nourriture \u00e0 la vie.<\/p>\n\n\n\n<p class=\"has-text-align-center\">Nous vous attendons.<\/p>\n","protected":false},"excerpt":{"rendered":"<p>Prendre un peu de temps pour red\u00e9couvrir l&rsquo;essentiel, pour contempler ce qui nous entoure, porter un regard nouveau sur les autres, notre maison commune, notre foi, nous m\u00eame &#8230; Dans [&hellip;]<\/p>\n","protected":false},"author":49,"featured_media":0,"comment_status":"open","ping_status":"open","sticky":false,"template":"","format":"standard","meta":{"_et_pb_use_builder":"off","_et_pb_old_content":"","_et_gb_content_width":"","footnotes":""},"categories":[6,30,29],"tags":[],"class_list":["post-8340","post","type-post","status-publish","format-standard","hentry","category-actualite","category-animation-ec17","category-laudato-si"],"_links":{"self":[{"href":"https:\/\/catholiques17.fr\/ecochretiens17\/wp-json\/wp\/v2\/posts\/8340","targetHints":{"allow":["GET"]}}],"collection":[{"href":"https:\/\/catholiques17.fr\/ecochretiens17\/wp-json\/wp\/v2\/posts"}],"about":[{"href":"https:\/\/catholiques17.fr\/ecochretiens17\/wp-json\/wp\/v2\/types\/post"}],"author":[{"embeddable":true,"href":"https:\/\/catholiques17.fr\/ecochretiens17\/wp-json\/wp\/v2\/users\/49"}],"replies":[{"embeddable":true,"href":"https:\/\/catholiques17.fr\/ecochretiens17\/wp-json\/wp\/v2\/comments?post=8340"}],"version-history":[{"count":4,"href":"https:\/\/catholiques17.fr\/ecochretiens17\/wp-json\/wp\/v2\/posts\/8340\/revisions"}],"predecessor-version":[{"id":8345,"href":"https:\/\/catholiques17.fr\/ecochretiens17\/wp-json\/wp\/v2\/posts\/8340\/revisions\/8345"}],"wp:attachment":[{"href":"https:\/\/catholiques17.fr\/ecochretiens17\/wp-json\/wp\/v2\/media?parent=8340"}],"wp:term":[{"taxonomy":"category","embeddable":true,"href":"https:\/\/catholiques17.fr\/ecochretiens17\/wp-json\/wp\/v2\/categories?post=8340"},{"taxonomy":"post_tag","embeddable":true,"href":"https:\/\/catholiques17.fr\/ecochretiens17\/wp-json\/wp\/v2\/tags?post=8340"}],"curies":[{"name":"wp","href":"https:\/\/api.w.org\/{rel}","templated":true}]}}