{"id":8334,"date":"2025-06-17T15:43:25","date_gmt":"2025-06-17T13:43:25","guid":{"rendered":"https:\/\/catholiques17.fr\/ecochretiens17\/?p=8334"},"modified":"2025-06-17T15:44:20","modified_gmt":"2025-06-17T13:44:20","slug":"laudato-si-a-10-ans","status":"publish","type":"post","link":"https:\/\/catholiques17.fr\/ecochretiens17\/2025\/06\/17\/laudato-si-a-10-ans\/","title":{"rendered":"LAUDATO SI&rsquo;  a  10 ans"},"content":{"rendered":"\n<hr class=\"wp-block-separator has-alpha-channel-opacity is-style-wide\" \/>\n\n\n\n<p><\/p>\n\n\n\n<p class=\"has-text-align-center\">Laudato si&rsquo; nous nourrit depuis dix ans d\u00e9j\u00e0.<\/p>\n\n\n\n<p class=\"has-text-align-center\">Prenons le temps de nous ressourcer en contemplant la maison commune qu&rsquo;il nous est permis d&rsquo;habiter, en relisant quelques passages de cette encyclique qui nourrit notre humanit\u00e9, en partageant une parole, une r\u00e9flexion, un repas&#8230;  avec d&rsquo;autres empruntant le m\u00eame chemin, en \u00e9tant heureux, en rendant gr\u00e2ce d&rsquo;\u00eatre ici , maintenant.<\/p>\n","protected":false},"excerpt":{"rendered":"<p>Laudato si&rsquo; nous nourrit depuis dix ans d\u00e9j\u00e0. Prenons le temps de nous ressourcer en contemplant la maison commune qu&rsquo;il nous est permis d&rsquo;habiter, en relisant quelques passages de cette [&hellip;]<\/p>\n","protected":false},"author":49,"featured_media":8329,"comment_status":"open","ping_status":"open","sticky":false,"template":"","format":"standard","meta":{"_et_pb_use_builder":"off","_et_pb_old_content":"","_et_gb_content_width":"","footnotes":""},"categories":[6,30],"tags":[],"class_list":["post-8334","post","type-post","status-publish","format-standard","has-post-thumbnail","hentry","category-actualite","category-animation-ec17"],"_links":{"self":[{"href":"https:\/\/catholiques17.fr\/ecochretiens17\/wp-json\/wp\/v2\/posts\/8334","targetHints":{"allow":["GET"]}}],"collection":[{"href":"https:\/\/catholiques17.fr\/ecochretiens17\/wp-json\/wp\/v2\/posts"}],"about":[{"href":"https:\/\/catholiques17.fr\/ecochretiens17\/wp-json\/wp\/v2\/types\/post"}],"author":[{"embeddable":true,"href":"https:\/\/catholiques17.fr\/ecochretiens17\/wp-json\/wp\/v2\/users\/49"}],"replies":[{"embeddable":true,"href":"https:\/\/catholiques17.fr\/ecochretiens17\/wp-json\/wp\/v2\/comments?post=8334"}],"version-history":[{"count":3,"href":"https:\/\/catholiques17.fr\/ecochretiens17\/wp-json\/wp\/v2\/posts\/8334\/revisions"}],"predecessor-version":[{"id":8337,"href":"https:\/\/catholiques17.fr\/ecochretiens17\/wp-json\/wp\/v2\/posts\/8334\/revisions\/8337"}],"wp:featuredmedia":[{"embeddable":true,"href":"https:\/\/catholiques17.fr\/ecochretiens17\/wp-json\/wp\/v2\/media\/8329"}],"wp:attachment":[{"href":"https:\/\/catholiques17.fr\/ecochretiens17\/wp-json\/wp\/v2\/media?parent=8334"}],"wp:term":[{"taxonomy":"category","embeddable":true,"href":"https:\/\/catholiques17.fr\/ecochretiens17\/wp-json\/wp\/v2\/categories?post=8334"},{"taxonomy":"post_tag","embeddable":true,"href":"https:\/\/catholiques17.fr\/ecochretiens17\/wp-json\/wp\/v2\/tags?post=8334"}],"curies":[{"name":"wp","href":"https:\/\/api.w.org\/{rel}","templated":true}]}}