{"id":8323,"date":"2025-04-28T16:41:54","date_gmt":"2025-04-28T14:41:54","guid":{"rendered":"https:\/\/catholiques17.fr\/ecochretiens17\/?p=8323"},"modified":"2025-04-28T16:41:55","modified_gmt":"2025-04-28T14:41:55","slug":"cest-la-derniere-avant-lhiver","status":"publish","type":"post","link":"https:\/\/catholiques17.fr\/ecochretiens17\/2025\/04\/28\/cest-la-derniere-avant-lhiver\/","title":{"rendered":"C&rsquo;EST LA DERNIERE&#8230; AVANT L&rsquo;HIVER&#8230;"},"content":{"rendered":"\n<p>Depuis plusieurs ann\u00e9es nous proposons des rencontres ayant pour th\u00e8me l&rsquo;Ecologie Int\u00e9grale suite \u00e0 la parution de Laudato Si&rsquo;.<\/p>\n\n\n\n<p>Ces journ\u00e9es de Halte Spirituelle permettent de faire l&rsquo;exp\u00e9rience d&rsquo;une d\u00e9marche vers soi-m\u00eame, vers la nature, vers l&rsquo;autre, vers Dieu.<\/p>\n\n\n\n<p>Nous vous proposons de prendre une journ\u00e9e, la derni\u00e8re pour ce d\u00e9but d&rsquo;ann\u00e9e, pour vous, pour regarder autrement la vie et le souffle qui nous entoure.<\/p>\n","protected":false},"excerpt":{"rendered":"<p>Depuis plusieurs ann\u00e9es nous proposons des rencontres ayant pour th\u00e8me l&rsquo;Ecologie Int\u00e9grale suite \u00e0 la parution de Laudato Si&rsquo;. Ces journ\u00e9es de Halte Spirituelle permettent de faire l&rsquo;exp\u00e9rience d&rsquo;une d\u00e9marche [&hellip;]<\/p>\n","protected":false},"author":49,"featured_media":8324,"comment_status":"open","ping_status":"open","sticky":false,"template":"","format":"standard","meta":{"_et_pb_use_builder":"","_et_pb_old_content":"","_et_gb_content_width":"","footnotes":""},"categories":[6,30],"tags":[],"class_list":["post-8323","post","type-post","status-publish","format-standard","has-post-thumbnail","hentry","category-actualite","category-animation-ec17"],"_links":{"self":[{"href":"https:\/\/catholiques17.fr\/ecochretiens17\/wp-json\/wp\/v2\/posts\/8323","targetHints":{"allow":["GET"]}}],"collection":[{"href":"https:\/\/catholiques17.fr\/ecochretiens17\/wp-json\/wp\/v2\/posts"}],"about":[{"href":"https:\/\/catholiques17.fr\/ecochretiens17\/wp-json\/wp\/v2\/types\/post"}],"author":[{"embeddable":true,"href":"https:\/\/catholiques17.fr\/ecochretiens17\/wp-json\/wp\/v2\/users\/49"}],"replies":[{"embeddable":true,"href":"https:\/\/catholiques17.fr\/ecochretiens17\/wp-json\/wp\/v2\/comments?post=8323"}],"version-history":[{"count":1,"href":"https:\/\/catholiques17.fr\/ecochretiens17\/wp-json\/wp\/v2\/posts\/8323\/revisions"}],"predecessor-version":[{"id":8325,"href":"https:\/\/catholiques17.fr\/ecochretiens17\/wp-json\/wp\/v2\/posts\/8323\/revisions\/8325"}],"wp:featuredmedia":[{"embeddable":true,"href":"https:\/\/catholiques17.fr\/ecochretiens17\/wp-json\/wp\/v2\/media\/8324"}],"wp:attachment":[{"href":"https:\/\/catholiques17.fr\/ecochretiens17\/wp-json\/wp\/v2\/media?parent=8323"}],"wp:term":[{"taxonomy":"category","embeddable":true,"href":"https:\/\/catholiques17.fr\/ecochretiens17\/wp-json\/wp\/v2\/categories?post=8323"},{"taxonomy":"post_tag","embeddable":true,"href":"https:\/\/catholiques17.fr\/ecochretiens17\/wp-json\/wp\/v2\/tags?post=8323"}],"curies":[{"name":"wp","href":"https:\/\/api.w.org\/{rel}","templated":true}]}}