{"id":8247,"date":"2024-09-05T11:20:58","date_gmt":"2024-09-05T09:20:58","guid":{"rendered":"https:\/\/catholiques17.fr\/ecochretiens17\/?p=8247"},"modified":"2024-09-05T11:20:59","modified_gmt":"2024-09-05T09:20:59","slug":"quels-souffles-pour-aujourdhui","status":"publish","type":"post","link":"https:\/\/catholiques17.fr\/ecochretiens17\/2024\/09\/05\/quels-souffles-pour-aujourdhui\/","title":{"rendered":"QUELS SOUFFLES POUR AUJOURD&rsquo;HUI ?"},"content":{"rendered":"\n<hr class=\"wp-block-separator has-alpha-channel-opacity\" \/>\n\n\n\n<p class=\"has-text-align-center\"><strong>Le samedi 28 septembre<\/strong><\/p>\n\n\n\n<p class=\"has-text-align-center\"><strong>dans le domaine de l&rsquo;\u00e9colieu de la Motte Aubert <\/strong><\/p>\n\n\n\n<p class=\"has-text-align-center\"><strong>\u00e0 Saint Saturnin du bois<\/strong><\/p>\n\n\n\n<p>venez d\u00e9couvrir la r\u00e9alit\u00e9 de vie et d&rsquo;initiatives d&rsquo;un \u00e9colieu, entendre Fabien REVOL nous parler de notre relation \u00e0 ce qui nous entoure, partager avec l&rsquo;association &lsquo;Pour du vent&rsquo; une exp\u00e9rience sur le souffle&#8230;<\/p>\n\n\n\n<p>&#8230; pour vivre, pendant le mois de la cr\u00e9ation, un moment de ressourcement, d&rsquo;esp\u00e9rance.<\/p>\n","protected":false},"excerpt":{"rendered":"<p>Le samedi 28 septembre dans le domaine de l&rsquo;\u00e9colieu de la Motte Aubert \u00e0 Saint Saturnin du bois venez d\u00e9couvrir la r\u00e9alit\u00e9 de vie et d&rsquo;initiatives d&rsquo;un \u00e9colieu, entendre Fabien [&hellip;]<\/p>\n","protected":false},"author":49,"featured_media":0,"comment_status":"open","ping_status":"open","sticky":false,"template":"","format":"standard","meta":{"_et_pb_use_builder":"off","_et_pb_old_content":"","_et_gb_content_width":"","footnotes":""},"categories":[6,30],"tags":[],"class_list":["post-8247","post","type-post","status-publish","format-standard","hentry","category-actualite","category-animation-ec17"],"_links":{"self":[{"href":"https:\/\/catholiques17.fr\/ecochretiens17\/wp-json\/wp\/v2\/posts\/8247","targetHints":{"allow":["GET"]}}],"collection":[{"href":"https:\/\/catholiques17.fr\/ecochretiens17\/wp-json\/wp\/v2\/posts"}],"about":[{"href":"https:\/\/catholiques17.fr\/ecochretiens17\/wp-json\/wp\/v2\/types\/post"}],"author":[{"embeddable":true,"href":"https:\/\/catholiques17.fr\/ecochretiens17\/wp-json\/wp\/v2\/users\/49"}],"replies":[{"embeddable":true,"href":"https:\/\/catholiques17.fr\/ecochretiens17\/wp-json\/wp\/v2\/comments?post=8247"}],"version-history":[{"count":2,"href":"https:\/\/catholiques17.fr\/ecochretiens17\/wp-json\/wp\/v2\/posts\/8247\/revisions"}],"predecessor-version":[{"id":8251,"href":"https:\/\/catholiques17.fr\/ecochretiens17\/wp-json\/wp\/v2\/posts\/8247\/revisions\/8251"}],"wp:attachment":[{"href":"https:\/\/catholiques17.fr\/ecochretiens17\/wp-json\/wp\/v2\/media?parent=8247"}],"wp:term":[{"taxonomy":"category","embeddable":true,"href":"https:\/\/catholiques17.fr\/ecochretiens17\/wp-json\/wp\/v2\/categories?post=8247"},{"taxonomy":"post_tag","embeddable":true,"href":"https:\/\/catholiques17.fr\/ecochretiens17\/wp-json\/wp\/v2\/tags?post=8247"}],"curies":[{"name":"wp","href":"https:\/\/api.w.org\/{rel}","templated":true}]}}