{"id":8222,"date":"2024-05-25T17:33:20","date_gmt":"2024-05-25T15:33:20","guid":{"rendered":"https:\/\/catholiques17.fr\/ecochretiens17\/?p=8222"},"modified":"2024-05-25T17:33:21","modified_gmt":"2024-05-25T15:33:21","slug":"retenez-cette-date-2","status":"publish","type":"post","link":"https:\/\/catholiques17.fr\/ecochretiens17\/2024\/05\/25\/retenez-cette-date-2\/","title":{"rendered":"RETENEZ CETTE DATE !"},"content":{"rendered":"\n<hr class=\"wp-block-separator has-alpha-channel-opacity\" \/>\n\n\n\n<p>Notre \u00e9quipe Ecochr\u00e9tiens17 invite toutes les personnes sensibles et pr\u00e9occup\u00e9es par le devenir de notre maison commune \u00e0 se retrouver le samedi 28 septembre. Cette ann\u00e9e nous vivrons une journ\u00e9e dans un tiers-lieux innovants, \u00e9couterons la r\u00e9flexion de Fabien REVOL, participerons ensemble \u00e0 la d\u00e9couverte de notre r\u00e9alit\u00e9 ou tout est li\u00e9&#8230;<\/p>\n\n\n\n<p class=\"has-text-align-center\">Une invitation avec le programme d\u00e9taill\u00e9 vous sera envoy\u00e9e prochainement.<\/p>\n","protected":false},"excerpt":{"rendered":"<p>Notre \u00e9quipe Ecochr\u00e9tiens17 invite toutes les personnes sensibles et pr\u00e9occup\u00e9es par le devenir de notre maison commune \u00e0 se retrouver le samedi 28 septembre. Cette ann\u00e9e nous vivrons une journ\u00e9e [&hellip;]<\/p>\n","protected":false},"author":49,"featured_media":8220,"comment_status":"open","ping_status":"open","sticky":false,"template":"","format":"standard","meta":{"_et_pb_use_builder":"off","_et_pb_old_content":"","_et_gb_content_width":"","footnotes":""},"categories":[6,30],"tags":[],"class_list":["post-8222","post","type-post","status-publish","format-standard","has-post-thumbnail","hentry","category-actualite","category-animation-ec17"],"_links":{"self":[{"href":"https:\/\/catholiques17.fr\/ecochretiens17\/wp-json\/wp\/v2\/posts\/8222","targetHints":{"allow":["GET"]}}],"collection":[{"href":"https:\/\/catholiques17.fr\/ecochretiens17\/wp-json\/wp\/v2\/posts"}],"about":[{"href":"https:\/\/catholiques17.fr\/ecochretiens17\/wp-json\/wp\/v2\/types\/post"}],"author":[{"embeddable":true,"href":"https:\/\/catholiques17.fr\/ecochretiens17\/wp-json\/wp\/v2\/users\/49"}],"replies":[{"embeddable":true,"href":"https:\/\/catholiques17.fr\/ecochretiens17\/wp-json\/wp\/v2\/comments?post=8222"}],"version-history":[{"count":2,"href":"https:\/\/catholiques17.fr\/ecochretiens17\/wp-json\/wp\/v2\/posts\/8222\/revisions"}],"predecessor-version":[{"id":8224,"href":"https:\/\/catholiques17.fr\/ecochretiens17\/wp-json\/wp\/v2\/posts\/8222\/revisions\/8224"}],"wp:featuredmedia":[{"embeddable":true,"href":"https:\/\/catholiques17.fr\/ecochretiens17\/wp-json\/wp\/v2\/media\/8220"}],"wp:attachment":[{"href":"https:\/\/catholiques17.fr\/ecochretiens17\/wp-json\/wp\/v2\/media?parent=8222"}],"wp:term":[{"taxonomy":"category","embeddable":true,"href":"https:\/\/catholiques17.fr\/ecochretiens17\/wp-json\/wp\/v2\/categories?post=8222"},{"taxonomy":"post_tag","embeddable":true,"href":"https:\/\/catholiques17.fr\/ecochretiens17\/wp-json\/wp\/v2\/tags?post=8222"}],"curies":[{"name":"wp","href":"https:\/\/api.w.org\/{rel}","templated":true}]}}