{"id":8218,"date":"2024-05-25T17:15:56","date_gmt":"2024-05-25T15:15:56","guid":{"rendered":"https:\/\/catholiques17.fr\/ecochretiens17\/?p=8218"},"modified":"2024-05-30T10:31:52","modified_gmt":"2024-05-30T08:31:52","slug":"une-journee-de-fete-riches-de-nos-differences","status":"publish","type":"post","link":"https:\/\/catholiques17.fr\/ecochretiens17\/2024\/05\/25\/une-journee-de-fete-riches-de-nos-differences\/","title":{"rendered":"Une journ\u00e9e de f\u00eate, riches de nos diff\u00e9rences"},"content":{"rendered":"\n<hr class=\"wp-block-separator has-alpha-channel-opacity\" \/>\n\n\n\n<p><br>Le 6 juillet, l\u2019\u00e9quipe d\u2019EcoChr\u00e9tiens17 nous invite pour une f\u00eate de l\u2019\u00e9cologie int\u00e9grale dans toutes nos diversit\u00e9s.<\/p>\n\n\n\n<p class=\"has-text-align-center\">Cette f\u00eate est ouverte \u00e0 tous, sur inscription.<\/p>\n\n\n\n<p>Partant du constat que l\u2019on parle parfois d\u2019une \u00e9cologie punitive ou d\u2019\u00e9co-anxi\u00e9t\u00e9, nous pr\u00e9f\u00e9rons la rendre festive. Dans la dimension d\u2019\u00e9cologie int\u00e9grale issue de Laudato si\u2019, faire la f\u00eate c\u2019est \u00eatre en lien avec les uns, avec les autres.<\/p>\n\n\n\n<p>Dans notre dioc\u00e8se, nous avons l\u2019habitude de voir des visages de plusieurs pays du monde. Nous souhaiterions faire connaissance, et leur dire merci pour tous les services qu\u2019ils nous apportent, qu\u2019ils soient pr\u00eatres, religieuses o\u00f9 la\u00efcs venus de l\u2019autre bout du monde pour nous tous dans le dioc\u00e9se. <br>Passer des moments simples de convivialit\u00e9, autour de la cuisine, autour de jeux, de chants ou de danses, nous rapprochera d\u2019une \u00e9cologie humaine car tout est li\u00e9.<\/p>\n","protected":false},"excerpt":{"rendered":"<p>Le 6 juillet, l\u2019\u00e9quipe d\u2019EcoChr\u00e9tiens17 nous invite pour une f\u00eate de l\u2019\u00e9cologie int\u00e9grale dans toutes nos diversit\u00e9s. Cette f\u00eate est ouverte \u00e0 tous, sur inscription. Partant du constat que l\u2019on [&hellip;]<\/p>\n","protected":false},"author":49,"featured_media":8219,"comment_status":"open","ping_status":"open","sticky":false,"template":"","format":"standard","meta":{"_et_pb_use_builder":"off","_et_pb_old_content":"","_et_gb_content_width":"","footnotes":""},"categories":[6,30],"tags":[],"class_list":["post-8218","post","type-post","status-publish","format-standard","has-post-thumbnail","hentry","category-actualite","category-animation-ec17"],"_links":{"self":[{"href":"https:\/\/catholiques17.fr\/ecochretiens17\/wp-json\/wp\/v2\/posts\/8218","targetHints":{"allow":["GET"]}}],"collection":[{"href":"https:\/\/catholiques17.fr\/ecochretiens17\/wp-json\/wp\/v2\/posts"}],"about":[{"href":"https:\/\/catholiques17.fr\/ecochretiens17\/wp-json\/wp\/v2\/types\/post"}],"author":[{"embeddable":true,"href":"https:\/\/catholiques17.fr\/ecochretiens17\/wp-json\/wp\/v2\/users\/49"}],"replies":[{"embeddable":true,"href":"https:\/\/catholiques17.fr\/ecochretiens17\/wp-json\/wp\/v2\/comments?post=8218"}],"version-history":[{"count":6,"href":"https:\/\/catholiques17.fr\/ecochretiens17\/wp-json\/wp\/v2\/posts\/8218\/revisions"}],"predecessor-version":[{"id":8232,"href":"https:\/\/catholiques17.fr\/ecochretiens17\/wp-json\/wp\/v2\/posts\/8218\/revisions\/8232"}],"wp:featuredmedia":[{"embeddable":true,"href":"https:\/\/catholiques17.fr\/ecochretiens17\/wp-json\/wp\/v2\/media\/8219"}],"wp:attachment":[{"href":"https:\/\/catholiques17.fr\/ecochretiens17\/wp-json\/wp\/v2\/media?parent=8218"}],"wp:term":[{"taxonomy":"category","embeddable":true,"href":"https:\/\/catholiques17.fr\/ecochretiens17\/wp-json\/wp\/v2\/categories?post=8218"},{"taxonomy":"post_tag","embeddable":true,"href":"https:\/\/catholiques17.fr\/ecochretiens17\/wp-json\/wp\/v2\/tags?post=8218"}],"curies":[{"name":"wp","href":"https:\/\/api.w.org\/{rel}","templated":true}]}}