{"id":8207,"date":"2024-05-07T09:39:16","date_gmt":"2024-05-07T07:39:16","guid":{"rendered":"https:\/\/catholiques17.fr\/ecochretiens17\/?p=8207"},"modified":"2024-05-07T09:39:16","modified_gmt":"2024-05-07T07:39:16","slug":"prendre-soin-de-la-terre-des-autres","status":"publish","type":"post","link":"https:\/\/catholiques17.fr\/ecochretiens17\/2024\/05\/07\/prendre-soin-de-la-terre-des-autres\/","title":{"rendered":"Prendre soin, de la terre, des autres&#8230;"},"content":{"rendered":"\n<hr class=\"wp-block-separator has-alpha-channel-opacity\" \/>\n\n\n\n<p><\/p>\n\n\n\n<p><strong>Prendre soin est le leitmotiv de Laudato Si\u2019, par la rencontre, le dialogue et le construire ensemble, nous pouvons changer de regard sur nous m\u00eames, notre environnement, nos relations pour accueillir l\u2019autre, la terre, et prendre un chemin nouveau qui sera le fondement du monde de demain.<\/strong><\/p>\n\n\n\n<p>Le secours catholique avec EcoChr\u00e9tiens17 ont choisi d&rsquo;aller plus loin ensemble et d&rsquo;inviter tous ceux qui le souhaitent \u00e0 partager ces moments, ces activit\u00e9s, cette esp\u00e9rance.<\/p>\n\n\n\n<p class=\"has-text-align-center\"><strong>Rendez-vous le 22 juin \u00e0 l&rsquo;abbaye de Sablonceaux, inscrivez-vous !<\/strong><\/p>\n","protected":false},"excerpt":{"rendered":"<p>Prendre soin est le leitmotiv de Laudato Si\u2019, par la rencontre, le dialogue et le construire ensemble, nous pouvons changer de regard sur nous m\u00eames, notre environnement, nos relations pour [&hellip;]<\/p>\n","protected":false},"author":49,"featured_media":8208,"comment_status":"open","ping_status":"open","sticky":false,"template":"","format":"standard","meta":{"_et_pb_use_builder":"off","_et_pb_old_content":"","_et_gb_content_width":"","footnotes":""},"categories":[6,30],"tags":[],"class_list":["post-8207","post","type-post","status-publish","format-standard","has-post-thumbnail","hentry","category-actualite","category-animation-ec17"],"_links":{"self":[{"href":"https:\/\/catholiques17.fr\/ecochretiens17\/wp-json\/wp\/v2\/posts\/8207","targetHints":{"allow":["GET"]}}],"collection":[{"href":"https:\/\/catholiques17.fr\/ecochretiens17\/wp-json\/wp\/v2\/posts"}],"about":[{"href":"https:\/\/catholiques17.fr\/ecochretiens17\/wp-json\/wp\/v2\/types\/post"}],"author":[{"embeddable":true,"href":"https:\/\/catholiques17.fr\/ecochretiens17\/wp-json\/wp\/v2\/users\/49"}],"replies":[{"embeddable":true,"href":"https:\/\/catholiques17.fr\/ecochretiens17\/wp-json\/wp\/v2\/comments?post=8207"}],"version-history":[{"count":2,"href":"https:\/\/catholiques17.fr\/ecochretiens17\/wp-json\/wp\/v2\/posts\/8207\/revisions"}],"predecessor-version":[{"id":8210,"href":"https:\/\/catholiques17.fr\/ecochretiens17\/wp-json\/wp\/v2\/posts\/8207\/revisions\/8210"}],"wp:featuredmedia":[{"embeddable":true,"href":"https:\/\/catholiques17.fr\/ecochretiens17\/wp-json\/wp\/v2\/media\/8208"}],"wp:attachment":[{"href":"https:\/\/catholiques17.fr\/ecochretiens17\/wp-json\/wp\/v2\/media?parent=8207"}],"wp:term":[{"taxonomy":"category","embeddable":true,"href":"https:\/\/catholiques17.fr\/ecochretiens17\/wp-json\/wp\/v2\/categories?post=8207"},{"taxonomy":"post_tag","embeddable":true,"href":"https:\/\/catholiques17.fr\/ecochretiens17\/wp-json\/wp\/v2\/tags?post=8207"}],"curies":[{"name":"wp","href":"https:\/\/api.w.org\/{rel}","templated":true}]}}