{"id":8201,"date":"2024-04-07T22:54:36","date_gmt":"2024-04-07T20:54:36","guid":{"rendered":"https:\/\/catholiques17.fr\/ecochretiens17\/?p=8201"},"modified":"2024-04-07T22:54:37","modified_gmt":"2024-04-07T20:54:37","slug":"cine-debat-a-oleron","status":"publish","type":"post","link":"https:\/\/catholiques17.fr\/ecochretiens17\/2024\/04\/07\/cine-debat-a-oleron\/","title":{"rendered":"cin\u00e9-d\u00e9bat \u00e0 Ol\u00e9ron"},"content":{"rendered":"\n<hr class=\"wp-block-separator has-alpha-channel-opacity\" \/>\n\n\n\n<p>\u00ab\u00a0Un beau&nbsp;<strong>cin\u00e9-d\u00e9bat<\/strong>&nbsp;s&rsquo;annonce&nbsp;<strong>Samedi 13 avril<\/strong>, \u00e0 l&rsquo;<strong>Eldorado<\/strong>, \u00e0&nbsp;<strong>16 h<\/strong>. La Communaut\u00e9 de Communes organise la projection de \u00ab\u00a0La Th\u00e9orie du Boxeur\u00a0\u00bb, un film de Nathana\u00ebl Coste (voir bande annonce jointe). Th\u00e8me : l&rsquo;adaptation de l&rsquo;agriculture au changement climatique. Le film sera suivi de t\u00e9moignages d&rsquo;agriculteurs ol\u00e9ronais ayant modifi\u00e9 leurs pratiques pour s&rsquo;adapter aux cons\u00e9quences du d\u00e9r\u00e9glement climatique. \u00ab\u00a0<\/p>\n\n\n\n<p>Bande annonce : &nbsp;&nbsp;<a href=\"https:\/\/www.latheorieduboxeur.fr\" target=\"_blank\" rel=\"noreferrer noopener\">https:\/\/www.latheorieduboxeur.fr<\/a>&nbsp;<\/p>\n","protected":false},"excerpt":{"rendered":"<p>\u00ab\u00a0Un beau&nbsp;cin\u00e9-d\u00e9bat&nbsp;s&rsquo;annonce&nbsp;Samedi 13 avril, \u00e0 l&rsquo;Eldorado, \u00e0&nbsp;16 h. La Communaut\u00e9 de Communes organise la projection de \u00ab\u00a0La Th\u00e9orie du Boxeur\u00a0\u00bb, un film de Nathana\u00ebl Coste (voir bande annonce jointe). Th\u00e8me [&hellip;]<\/p>\n","protected":false},"author":49,"featured_media":8202,"comment_status":"open","ping_status":"open","sticky":false,"template":"","format":"standard","meta":{"_et_pb_use_builder":"off","_et_pb_old_content":"","_et_gb_content_width":"","footnotes":""},"categories":[6],"tags":[],"class_list":["post-8201","post","type-post","status-publish","format-standard","has-post-thumbnail","hentry","category-actualite"],"_links":{"self":[{"href":"https:\/\/catholiques17.fr\/ecochretiens17\/wp-json\/wp\/v2\/posts\/8201","targetHints":{"allow":["GET"]}}],"collection":[{"href":"https:\/\/catholiques17.fr\/ecochretiens17\/wp-json\/wp\/v2\/posts"}],"about":[{"href":"https:\/\/catholiques17.fr\/ecochretiens17\/wp-json\/wp\/v2\/types\/post"}],"author":[{"embeddable":true,"href":"https:\/\/catholiques17.fr\/ecochretiens17\/wp-json\/wp\/v2\/users\/49"}],"replies":[{"embeddable":true,"href":"https:\/\/catholiques17.fr\/ecochretiens17\/wp-json\/wp\/v2\/comments?post=8201"}],"version-history":[{"count":1,"href":"https:\/\/catholiques17.fr\/ecochretiens17\/wp-json\/wp\/v2\/posts\/8201\/revisions"}],"predecessor-version":[{"id":8203,"href":"https:\/\/catholiques17.fr\/ecochretiens17\/wp-json\/wp\/v2\/posts\/8201\/revisions\/8203"}],"wp:featuredmedia":[{"embeddable":true,"href":"https:\/\/catholiques17.fr\/ecochretiens17\/wp-json\/wp\/v2\/media\/8202"}],"wp:attachment":[{"href":"https:\/\/catholiques17.fr\/ecochretiens17\/wp-json\/wp\/v2\/media?parent=8201"}],"wp:term":[{"taxonomy":"category","embeddable":true,"href":"https:\/\/catholiques17.fr\/ecochretiens17\/wp-json\/wp\/v2\/categories?post=8201"},{"taxonomy":"post_tag","embeddable":true,"href":"https:\/\/catholiques17.fr\/ecochretiens17\/wp-json\/wp\/v2\/tags?post=8201"}],"curies":[{"name":"wp","href":"https:\/\/api.w.org\/{rel}","templated":true}]}}