{"id":8179,"date":"2024-02-08T22:31:02","date_gmt":"2024-02-08T21:31:02","guid":{"rendered":"https:\/\/catholiques17.fr\/ecochretiens17\/?p=8179"},"modified":"2024-02-08T22:31:04","modified_gmt":"2024-02-08T21:31:04","slug":"careme-laudatosi","status":"publish","type":"post","link":"https:\/\/catholiques17.fr\/ecochretiens17\/2024\/02\/08\/careme-laudatosi\/","title":{"rendered":"Car\u00eame Laudato&rsquo;si"},"content":{"rendered":"\n<hr class=\"wp-block-separator has-alpha-channel-opacity\" \/>\n\n\n\n<p><\/p>\n\n\n\n<figure class=\"wp-block-table\"><table><tbody><tr><td>Le 14 f\u00e9vrier, le mercredi des Cendres marquera le d\u00e9but du Car\u00eame et de notre retraite con\u00e7ue sp\u00e9cialement pour les personnes qui habitent en Europe, sur le th\u00e8me \u00ab\u2009<a href=\"https:\/\/amamlp.clicks.mlsend.com\/tf\/cl\/eyJ2Ijoie1wiYVwiOjY2MDY0NyxcImxcIjoxMTI1OTUyNzQ5Mjg0ODk1ODQsXCJyXCI6MTEyNTk1MzQ1MTIyMjY0OTU4fSIsInMiOiIyNmE2MDY1MDQwOGJiOWUyIn0\" target=\"_blank\" rel=\"noreferrer noopener\">S\u2019arr\u00eater et \u00e9couter\u2009\u00bb<\/a>. S\u2019arr\u00eater et \u00e9couter, comme nous sommes appel\u00e9s \u00e0 le faire pendant le temps de d\u00e9sert que repr\u00e9sente le Car\u00eame. Ce th\u00e8me peut nous rappeler la d\u00e9votion de l\u2019Ang\u00e9lus et la tradition biblique du sabbat. C\u2019est surtout une fa\u00e7on de commencer ou d\u2019approfondir notre conversion \u00e9cologique : s\u2019arr\u00eater et \u00e9couter pour voir la r\u00e9alit\u00e9 de la situation de notre monde et notre continent et r\u00e9fl\u00e9chir sur ce qui importe vraiment. Comme le pape Fran\u00e7ois <a href=\"https:\/\/amamlp.clicks.mlsend.com\/tf\/cl\/eyJ2Ijoie1wiYVwiOjY2MDY0NyxcImxcIjoxMTI1OTUyNzQ5MzM3MzI0NjcsXCJyXCI6MTEyNTk1MzQ1MTIyMjY0OTU4fSIsInMiOiJkMDUwNTJjNWRkNjY1NzFiIn0\">nous le dit<\/a> : \u00ab\u2009Il est temps d\u2019agir, et durant le Car\u00eame, agir c\u2019est aussi s\u2019arr\u00eater.\u2009\u00bb<\/td><\/tr><\/tbody><\/table><\/figure>\n\n\n\n<p><\/p>\n\n\n\n<p><\/p>\n\n\n\n<figure class=\"wp-block-table\"><table><tbody><tr><td>Chaque jour, une petite r\u00e9flexion ou une image sera propos\u00e9e pour \u00ab\u2009s\u2019arr\u00eater et \u00e9couter\u2009\u00bb quelques minutes \u00e0 un moment fixe (nous vous sugg\u00e9rons de programmer une alarme \u00e0 midi ou de rejoindre le groupe WhatsApp propos\u00e9 lors de l\u2019inscription). Chaque semaine, les r\u00e9flexions se concentreront sur un th\u00e8me diff\u00e9rent pour explorer les diff\u00e9rentes dimensions des d\u00e9fis \u00e9cologiques que nous affrontons en Europe. Chaque dimanche le <a href=\"https:\/\/amamlp.clicks.mlsend.com\/tf\/cl\/eyJ2Ijoie1wiYVwiOjY2MDY0NyxcImxcIjoxMTI1OTUyNzQ5NDQyMTgyMzQsXCJyXCI6MTEyNTk1MzQ1MTIyMjY0OTU4fSIsInMiOiJlYTIzZTg5ZDZiMDI1Y2FkIn0\">calendrier<\/a> proposera une m\u00e9ditation sur l\u2019\u00c9vangile et des intentions pour la pri\u00e8re universelle de la messe.&nbsp;<\/td><\/tr><\/tbody><\/table><\/figure>\n","protected":false},"excerpt":{"rendered":"<p>Le 14 f\u00e9vrier, le mercredi des Cendres marquera le d\u00e9but du Car\u00eame et de notre retraite con\u00e7ue sp\u00e9cialement pour les personnes qui habitent en Europe, sur le th\u00e8me \u00ab\u2009S\u2019arr\u00eater et [&hellip;]<\/p>\n","protected":false},"author":49,"featured_media":8180,"comment_status":"open","ping_status":"open","sticky":false,"template":"","format":"standard","meta":{"_et_pb_use_builder":"","_et_pb_old_content":"","_et_gb_content_width":"","footnotes":""},"categories":[6,29],"tags":[],"class_list":["post-8179","post","type-post","status-publish","format-standard","has-post-thumbnail","hentry","category-actualite","category-laudato-si"],"_links":{"self":[{"href":"https:\/\/catholiques17.fr\/ecochretiens17\/wp-json\/wp\/v2\/posts\/8179","targetHints":{"allow":["GET"]}}],"collection":[{"href":"https:\/\/catholiques17.fr\/ecochretiens17\/wp-json\/wp\/v2\/posts"}],"about":[{"href":"https:\/\/catholiques17.fr\/ecochretiens17\/wp-json\/wp\/v2\/types\/post"}],"author":[{"embeddable":true,"href":"https:\/\/catholiques17.fr\/ecochretiens17\/wp-json\/wp\/v2\/users\/49"}],"replies":[{"embeddable":true,"href":"https:\/\/catholiques17.fr\/ecochretiens17\/wp-json\/wp\/v2\/comments?post=8179"}],"version-history":[{"count":3,"href":"https:\/\/catholiques17.fr\/ecochretiens17\/wp-json\/wp\/v2\/posts\/8179\/revisions"}],"predecessor-version":[{"id":8183,"href":"https:\/\/catholiques17.fr\/ecochretiens17\/wp-json\/wp\/v2\/posts\/8179\/revisions\/8183"}],"wp:featuredmedia":[{"embeddable":true,"href":"https:\/\/catholiques17.fr\/ecochretiens17\/wp-json\/wp\/v2\/media\/8180"}],"wp:attachment":[{"href":"https:\/\/catholiques17.fr\/ecochretiens17\/wp-json\/wp\/v2\/media?parent=8179"}],"wp:term":[{"taxonomy":"category","embeddable":true,"href":"https:\/\/catholiques17.fr\/ecochretiens17\/wp-json\/wp\/v2\/categories?post=8179"},{"taxonomy":"post_tag","embeddable":true,"href":"https:\/\/catholiques17.fr\/ecochretiens17\/wp-json\/wp\/v2\/tags?post=8179"}],"curies":[{"name":"wp","href":"https:\/\/api.w.org\/{rel}","templated":true}]}}