{"id":8115,"date":"2023-10-02T19:40:14","date_gmt":"2023-10-02T17:40:14","guid":{"rendered":"https:\/\/catholiques17.fr\/ecochretiens17\/?p=8115"},"modified":"2023-11-17T12:10:43","modified_gmt":"2023-11-17T11:10:43","slug":"atd-quart-monde-edite-son-rapport-justice-sociale-et-environnementale-une-meme-justice","status":"publish","type":"post","link":"https:\/\/catholiques17.fr\/ecochretiens17\/2023\/10\/02\/atd-quart-monde-edite-son-rapport-justice-sociale-et-environnementale-une-meme-justice\/","title":{"rendered":"ATD Quart-Monde \u00e9dite son rapport \u00ab\u00a0Justice sociale et environnementale, une m\u00eame justice\u00a0\u00bb"},"content":{"rendered":"\n<div style=\"height:62px\" aria-hidden=\"true\" class=\"wp-block-spacer\"><\/div>\n\n\n\n<p>Une analyse tr\u00e8s compl\u00e8te issue du travail de terrain r\u00e9alis\u00e9 par l&rsquo;association depuis 1992.<\/p>\n\n\n\n<p>N&rsquo;h\u00e9sitez pas \u00e0 le t\u00e9l\u00e9charger sur le lien suivant : <a rel=\"noreferrer noopener\" href=\"https:\/\/www.atd-quartmonde.org\/justice-sociale-et-environnementale-une-meme-justice\/?pk_campaign=newsletter-2023-09-22-fr\" target=\"_blank\">Justice sociale et environnementale : une m\u00eame justice &#8211; ATD Quart Monde International<\/a><\/p>\n\n\n\n<p><\/p>\n\n\n\n<p><\/p>\n","protected":false},"excerpt":{"rendered":"<p>Une analyse tr\u00e8s compl\u00e8te issue du travail de terrain r\u00e9alis\u00e9 par l&rsquo;association depuis 1992. N&rsquo;h\u00e9sitez pas \u00e0 le t\u00e9l\u00e9charger sur le lien suivant : Justice sociale et environnementale : une [&hellip;]<\/p>\n","protected":false},"author":53,"featured_media":8137,"comment_status":"open","ping_status":"open","sticky":false,"template":"","format":"standard","meta":{"_et_pb_use_builder":"off","_et_pb_old_content":"","_et_gb_content_width":"","footnotes":""},"categories":[6],"tags":[],"class_list":["post-8115","post","type-post","status-publish","format-standard","has-post-thumbnail","hentry","category-actualite"],"_links":{"self":[{"href":"https:\/\/catholiques17.fr\/ecochretiens17\/wp-json\/wp\/v2\/posts\/8115","targetHints":{"allow":["GET"]}}],"collection":[{"href":"https:\/\/catholiques17.fr\/ecochretiens17\/wp-json\/wp\/v2\/posts"}],"about":[{"href":"https:\/\/catholiques17.fr\/ecochretiens17\/wp-json\/wp\/v2\/types\/post"}],"author":[{"embeddable":true,"href":"https:\/\/catholiques17.fr\/ecochretiens17\/wp-json\/wp\/v2\/users\/53"}],"replies":[{"embeddable":true,"href":"https:\/\/catholiques17.fr\/ecochretiens17\/wp-json\/wp\/v2\/comments?post=8115"}],"version-history":[{"count":2,"href":"https:\/\/catholiques17.fr\/ecochretiens17\/wp-json\/wp\/v2\/posts\/8115\/revisions"}],"predecessor-version":[{"id":8138,"href":"https:\/\/catholiques17.fr\/ecochretiens17\/wp-json\/wp\/v2\/posts\/8115\/revisions\/8138"}],"wp:featuredmedia":[{"embeddable":true,"href":"https:\/\/catholiques17.fr\/ecochretiens17\/wp-json\/wp\/v2\/media\/8137"}],"wp:attachment":[{"href":"https:\/\/catholiques17.fr\/ecochretiens17\/wp-json\/wp\/v2\/media?parent=8115"}],"wp:term":[{"taxonomy":"category","embeddable":true,"href":"https:\/\/catholiques17.fr\/ecochretiens17\/wp-json\/wp\/v2\/categories?post=8115"},{"taxonomy":"post_tag","embeddable":true,"href":"https:\/\/catholiques17.fr\/ecochretiens17\/wp-json\/wp\/v2\/tags?post=8115"}],"curies":[{"name":"wp","href":"https:\/\/api.w.org\/{rel}","templated":true}]}}