{"id":8104,"date":"2023-09-27T19:19:31","date_gmt":"2023-09-27T17:19:31","guid":{"rendered":"https:\/\/catholiques17.fr\/ecochretiens17\/?p=8104"},"modified":"2023-11-17T12:28:24","modified_gmt":"2023-11-17T11:28:24","slug":"acces-a-lalimentation-locale-de-qualite","status":"publish","type":"post","link":"https:\/\/catholiques17.fr\/ecochretiens17\/2023\/09\/27\/acces-a-lalimentation-locale-de-qualite\/","title":{"rendered":"Acc\u00e8s \u00e0 l&rsquo;alimentation locale de qualit\u00e9"},"content":{"rendered":"\n<div style=\"height:52px\" aria-hidden=\"true\" class=\"wp-block-spacer\"><\/div>\n\n\n\n<p class=\"has-vivid-green-cyan-color has-text-color\"><strong>ZOOM sur une initiative int\u00e9ressante&#8230;<\/strong><\/p>\n\n\n\n<p>L&rsquo;association Vrac ouvre un groupement d&rsquo;achat \u00e0 Lormont. L&rsquo;objectif ; proposer des produits locaux et bio aux habitants des quartiers prioritaires.<\/p>\n\n\n\n<p>Lien vers l&rsquo;article : <a href=\"https:\/\/www.lormont.fr\/actualites-109\/groupement-d-achat-vrac-economique-et-ecologique-1835.html\" target=\"_blank\" rel=\"noreferrer noopener\">https:\/\/www.lormont.fr\/actualites-109\/groupement-d-achat-vrac-economique-et-ecologique-1835.html<\/a><\/p>\n\n\n\n<p><\/p>\n\n\n\n<p>Pour plus d&rsquo;informations sur le r\u00e9seau VRAC <a href=\"https:\/\/vrac-asso.org\" data-type=\"URL\" data-id=\"https:\/\/vrac-asso.org\" target=\"_blank\" rel=\"noreferrer noopener\">https:\/\/vrac-asso.org<\/a><\/p>\n\n\n\n<p><\/p>\n\n\n\n<div style=\"height:56px\" aria-hidden=\"true\" class=\"wp-block-spacer\"><\/div>\n","protected":false},"excerpt":{"rendered":"<p>ZOOM sur une initiative int\u00e9ressante&#8230; L&rsquo;association Vrac ouvre un groupement d&rsquo;achat \u00e0 Lormont. L&rsquo;objectif ; proposer des produits locaux et bio aux habitants des quartiers prioritaires. Lien vers l&rsquo;article : [&hellip;]<\/p>\n","protected":false},"author":53,"featured_media":8150,"comment_status":"open","ping_status":"open","sticky":false,"template":"","format":"standard","meta":{"_et_pb_use_builder":"off","_et_pb_old_content":"","_et_gb_content_width":"","footnotes":""},"categories":[6],"tags":[],"class_list":["post-8104","post","type-post","status-publish","format-standard","has-post-thumbnail","hentry","category-actualite"],"_links":{"self":[{"href":"https:\/\/catholiques17.fr\/ecochretiens17\/wp-json\/wp\/v2\/posts\/8104","targetHints":{"allow":["GET"]}}],"collection":[{"href":"https:\/\/catholiques17.fr\/ecochretiens17\/wp-json\/wp\/v2\/posts"}],"about":[{"href":"https:\/\/catholiques17.fr\/ecochretiens17\/wp-json\/wp\/v2\/types\/post"}],"author":[{"embeddable":true,"href":"https:\/\/catholiques17.fr\/ecochretiens17\/wp-json\/wp\/v2\/users\/53"}],"replies":[{"embeddable":true,"href":"https:\/\/catholiques17.fr\/ecochretiens17\/wp-json\/wp\/v2\/comments?post=8104"}],"version-history":[{"count":5,"href":"https:\/\/catholiques17.fr\/ecochretiens17\/wp-json\/wp\/v2\/posts\/8104\/revisions"}],"predecessor-version":[{"id":8151,"href":"https:\/\/catholiques17.fr\/ecochretiens17\/wp-json\/wp\/v2\/posts\/8104\/revisions\/8151"}],"wp:featuredmedia":[{"embeddable":true,"href":"https:\/\/catholiques17.fr\/ecochretiens17\/wp-json\/wp\/v2\/media\/8150"}],"wp:attachment":[{"href":"https:\/\/catholiques17.fr\/ecochretiens17\/wp-json\/wp\/v2\/media?parent=8104"}],"wp:term":[{"taxonomy":"category","embeddable":true,"href":"https:\/\/catholiques17.fr\/ecochretiens17\/wp-json\/wp\/v2\/categories?post=8104"},{"taxonomy":"post_tag","embeddable":true,"href":"https:\/\/catholiques17.fr\/ecochretiens17\/wp-json\/wp\/v2\/tags?post=8104"}],"curies":[{"name":"wp","href":"https:\/\/api.w.org\/{rel}","templated":true}]}}