{"id":8069,"date":"2023-06-02T15:42:42","date_gmt":"2023-06-02T13:42:42","guid":{"rendered":"https:\/\/catholiques17.fr\/ecochretiens17\/?p=8069"},"modified":"2023-06-02T15:42:44","modified_gmt":"2023-06-02T13:42:44","slug":"fresque-du-climat-2","status":"publish","type":"post","link":"https:\/\/catholiques17.fr\/ecochretiens17\/2023\/06\/02\/fresque-du-climat-2\/","title":{"rendered":"Fresque du climat"},"content":{"rendered":"\n<p><\/p>\n\n\n\n<p>Des fresques du climat dans les paroisses ; certains tentent l&rsquo;exp\u00e9rience :  <a href=\"https:\/\/www.lavie.fr\/actualite\/ecologie\/la-fresque-du-climat-se-deploie-dans-les-paroisses-88373.php\">https:\/\/www.lavie.fr\/actualite\/ecologie\/la-fresque-du-climat-se-deploie-dans-les-paroisses-88373.php<\/a><\/p>\n\n\n\n<p>Pourquoi pas vous ?<\/p>\n\n\n\n<p> L&rsquo;\u00e9quipe d&rsquo;Ecochretiens 17 peut vous aider. N&rsquo;h\u00e9sitez pas \u00e0 nous contacter<\/p>\n\n\n\n<p><\/p>\n","protected":false},"excerpt":{"rendered":"<p>Des fresques du climat dans les paroisses ; certains tentent l&rsquo;exp\u00e9rience : https:\/\/www.lavie.fr\/actualite\/ecologie\/la-fresque-du-climat-se-deploie-dans-les-paroisses-88373.php Pourquoi pas vous ? L&rsquo;\u00e9quipe d&rsquo;Ecochretiens 17 peut vous aider. N&rsquo;h\u00e9sitez pas \u00e0 nous contacter<\/p>\n","protected":false},"author":53,"featured_media":7898,"comment_status":"open","ping_status":"open","sticky":false,"template":"","format":"standard","meta":{"_et_pb_use_builder":"off","_et_pb_old_content":"","_et_gb_content_width":"","footnotes":""},"categories":[6],"tags":[],"class_list":["post-8069","post","type-post","status-publish","format-standard","has-post-thumbnail","hentry","category-actualite"],"_links":{"self":[{"href":"https:\/\/catholiques17.fr\/ecochretiens17\/wp-json\/wp\/v2\/posts\/8069","targetHints":{"allow":["GET"]}}],"collection":[{"href":"https:\/\/catholiques17.fr\/ecochretiens17\/wp-json\/wp\/v2\/posts"}],"about":[{"href":"https:\/\/catholiques17.fr\/ecochretiens17\/wp-json\/wp\/v2\/types\/post"}],"author":[{"embeddable":true,"href":"https:\/\/catholiques17.fr\/ecochretiens17\/wp-json\/wp\/v2\/users\/53"}],"replies":[{"embeddable":true,"href":"https:\/\/catholiques17.fr\/ecochretiens17\/wp-json\/wp\/v2\/comments?post=8069"}],"version-history":[{"count":3,"href":"https:\/\/catholiques17.fr\/ecochretiens17\/wp-json\/wp\/v2\/posts\/8069\/revisions"}],"predecessor-version":[{"id":8072,"href":"https:\/\/catholiques17.fr\/ecochretiens17\/wp-json\/wp\/v2\/posts\/8069\/revisions\/8072"}],"wp:featuredmedia":[{"embeddable":true,"href":"https:\/\/catholiques17.fr\/ecochretiens17\/wp-json\/wp\/v2\/media\/7898"}],"wp:attachment":[{"href":"https:\/\/catholiques17.fr\/ecochretiens17\/wp-json\/wp\/v2\/media?parent=8069"}],"wp:term":[{"taxonomy":"category","embeddable":true,"href":"https:\/\/catholiques17.fr\/ecochretiens17\/wp-json\/wp\/v2\/categories?post=8069"},{"taxonomy":"post_tag","embeddable":true,"href":"https:\/\/catholiques17.fr\/ecochretiens17\/wp-json\/wp\/v2\/tags?post=8069"}],"curies":[{"name":"wp","href":"https:\/\/api.w.org\/{rel}","templated":true}]}}