{"id":8052,"date":"2023-04-29T21:36:56","date_gmt":"2023-04-29T19:36:56","guid":{"rendered":"https:\/\/catholiques17.fr\/ecochretiens17\/?p=8052"},"modified":"2023-04-29T21:36:58","modified_gmt":"2023-04-29T19:36:58","slug":"faire-grandir-la-joie-de-paques-en-compagnie-des-arbres","status":"publish","type":"post","link":"https:\/\/catholiques17.fr\/ecochretiens17\/2023\/04\/29\/faire-grandir-la-joie-de-paques-en-compagnie-des-arbres\/","title":{"rendered":"Faire grandir la joie de P\u00e2ques en compagnie des arbres"},"content":{"rendered":"\n<div style=\"height:35px\" aria-hidden=\"true\" class=\"wp-block-spacer\"><\/div>\n\n\n\n<p><strong>Alice Trouslard et le fr\u00e8re Antoine de la Fayolle vous proposent 9 m\u00e9ditations pour rendre gr\u00e2ce \u00e0 Dieu :<\/strong><\/p>\n\n\n\n<p>\u2192 profiter de la nature au printemps pour communier avec Dieu,&nbsp;<\/p>\n\n\n\n<p>\u2192 baigner dans la beaut\u00e9 du jardin o\u00f9 Dieu nous a cr\u00e9\u00e9s ; c&rsquo;est cette nature qui est par excellence le lieu de notre joie et de notre paix,<\/p>\n\n\n\n<p>\u2192 discerner dans la cr\u00e9ation les signes de la pr\u00e9sence divine et, mieux encore, lire le murmure d&rsquo;un message divin dans les \u00e9toiles, les nuages et les libellules.<\/p>\n\n\n\n<p><strong>D\u00e8s votre inscription, vous recevrez la premi\u00e8re m\u00e9ditation puis une autre m\u00e9ditation tous les deux jours.<\/strong><\/p>\n\n\n\n<div style=\"height:20px\" aria-hidden=\"true\" class=\"wp-block-spacer\"><\/div>\n\n\n\n<h2 class=\"wp-block-heading\">Inscrivez-vous<\/h2>\n\n\n\n<p>Pour suivre l&rsquo;itin\u00e9raire du moment, identifiez-vous ou cr\u00e9ez votre compte  . <a href=\"https:\/\/www.prierdanslaville.org\/inscription\">Je m&rsquo;inscris gratuitement<\/a><\/p>\n","protected":false},"excerpt":{"rendered":"<p>Alice Trouslard et le fr\u00e8re Antoine de la Fayolle vous proposent 9 m\u00e9ditations pour rendre gr\u00e2ce \u00e0 Dieu : \u2192 profiter de la nature au printemps pour communier avec Dieu,&nbsp; [&hellip;]<\/p>\n","protected":false},"author":49,"featured_media":8053,"comment_status":"open","ping_status":"open","sticky":false,"template":"","format":"standard","meta":{"_et_pb_use_builder":"off","_et_pb_old_content":"","_et_gb_content_width":"","footnotes":""},"categories":[6,29],"tags":[],"class_list":["post-8052","post","type-post","status-publish","format-standard","has-post-thumbnail","hentry","category-actualite","category-laudato-si"],"_links":{"self":[{"href":"https:\/\/catholiques17.fr\/ecochretiens17\/wp-json\/wp\/v2\/posts\/8052","targetHints":{"allow":["GET"]}}],"collection":[{"href":"https:\/\/catholiques17.fr\/ecochretiens17\/wp-json\/wp\/v2\/posts"}],"about":[{"href":"https:\/\/catholiques17.fr\/ecochretiens17\/wp-json\/wp\/v2\/types\/post"}],"author":[{"embeddable":true,"href":"https:\/\/catholiques17.fr\/ecochretiens17\/wp-json\/wp\/v2\/users\/49"}],"replies":[{"embeddable":true,"href":"https:\/\/catholiques17.fr\/ecochretiens17\/wp-json\/wp\/v2\/comments?post=8052"}],"version-history":[{"count":1,"href":"https:\/\/catholiques17.fr\/ecochretiens17\/wp-json\/wp\/v2\/posts\/8052\/revisions"}],"predecessor-version":[{"id":8054,"href":"https:\/\/catholiques17.fr\/ecochretiens17\/wp-json\/wp\/v2\/posts\/8052\/revisions\/8054"}],"wp:featuredmedia":[{"embeddable":true,"href":"https:\/\/catholiques17.fr\/ecochretiens17\/wp-json\/wp\/v2\/media\/8053"}],"wp:attachment":[{"href":"https:\/\/catholiques17.fr\/ecochretiens17\/wp-json\/wp\/v2\/media?parent=8052"}],"wp:term":[{"taxonomy":"category","embeddable":true,"href":"https:\/\/catholiques17.fr\/ecochretiens17\/wp-json\/wp\/v2\/categories?post=8052"},{"taxonomy":"post_tag","embeddable":true,"href":"https:\/\/catholiques17.fr\/ecochretiens17\/wp-json\/wp\/v2\/tags?post=8052"}],"curies":[{"name":"wp","href":"https:\/\/api.w.org\/{rel}","templated":true}]}}