{"id":8016,"date":"2023-03-23T21:59:14","date_gmt":"2023-03-23T20:59:14","guid":{"rendered":"https:\/\/catholiques17.fr\/ecochretiens17\/?p=8016"},"modified":"2023-03-23T21:59:17","modified_gmt":"2023-03-23T20:59:17","slug":"qui-etes-vous","status":"publish","type":"post","link":"https:\/\/catholiques17.fr\/ecochretiens17\/2023\/03\/23\/qui-etes-vous\/","title":{"rendered":"qui \u00eates-vous ?"},"content":{"rendered":"\n<h2 class=\"wp-block-heading\">L\u2019Eglise en Charente-Maritime lance une grande enqu\u00eate pour conna\u00eetre les familles avec enfants du d\u00e9partement, leurs attentes et leurs besoins.<\/h2>\n\n\n\n<h4 class=\"wp-block-heading\">Pour nous aider, pourriez-vous r\u00e9pondre \u00e0 cette enqu\u00eate anonyme ? Si vous n\u2019avez pas d\u2019enfants mineurs, pouvez-vous transmettre cette information \u00e0 des familles de votre entourage (famille, voisins, amis, coll\u00e8gues de travail, etc\u2026) ? Cela ne prendra que quelques minutes\u2026 MERCI<\/h4>\n\n\n\n<p><a href=\"https:\/\/forms.gle\/RMfAMXVaAHGzkNSf8\">https:\/\/forms.gle\/RMfAMXVaAHGzkNSf8<\/a><\/p>\n","protected":false},"excerpt":{"rendered":"<p>L\u2019Eglise en Charente-Maritime lance une grande enqu\u00eate pour conna\u00eetre les familles avec enfants du d\u00e9partement, leurs attentes et leurs besoins. Pour nous aider, pourriez-vous r\u00e9pondre \u00e0 cette enqu\u00eate anonyme ? [&hellip;]<\/p>\n","protected":false},"author":49,"featured_media":8017,"comment_status":"open","ping_status":"open","sticky":false,"template":"","format":"standard","meta":{"_et_pb_use_builder":"off","_et_pb_old_content":"","_et_gb_content_width":"","footnotes":""},"categories":[6,23],"tags":[],"class_list":["post-8016","post","type-post","status-publish","format-standard","has-post-thumbnail","hentry","category-actualite","category-diocese"],"_links":{"self":[{"href":"https:\/\/catholiques17.fr\/ecochretiens17\/wp-json\/wp\/v2\/posts\/8016","targetHints":{"allow":["GET"]}}],"collection":[{"href":"https:\/\/catholiques17.fr\/ecochretiens17\/wp-json\/wp\/v2\/posts"}],"about":[{"href":"https:\/\/catholiques17.fr\/ecochretiens17\/wp-json\/wp\/v2\/types\/post"}],"author":[{"embeddable":true,"href":"https:\/\/catholiques17.fr\/ecochretiens17\/wp-json\/wp\/v2\/users\/49"}],"replies":[{"embeddable":true,"href":"https:\/\/catholiques17.fr\/ecochretiens17\/wp-json\/wp\/v2\/comments?post=8016"}],"version-history":[{"count":2,"href":"https:\/\/catholiques17.fr\/ecochretiens17\/wp-json\/wp\/v2\/posts\/8016\/revisions"}],"predecessor-version":[{"id":8019,"href":"https:\/\/catholiques17.fr\/ecochretiens17\/wp-json\/wp\/v2\/posts\/8016\/revisions\/8019"}],"wp:featuredmedia":[{"embeddable":true,"href":"https:\/\/catholiques17.fr\/ecochretiens17\/wp-json\/wp\/v2\/media\/8017"}],"wp:attachment":[{"href":"https:\/\/catholiques17.fr\/ecochretiens17\/wp-json\/wp\/v2\/media?parent=8016"}],"wp:term":[{"taxonomy":"category","embeddable":true,"href":"https:\/\/catholiques17.fr\/ecochretiens17\/wp-json\/wp\/v2\/categories?post=8016"},{"taxonomy":"post_tag","embeddable":true,"href":"https:\/\/catholiques17.fr\/ecochretiens17\/wp-json\/wp\/v2\/tags?post=8016"}],"curies":[{"name":"wp","href":"https:\/\/api.w.org\/{rel}","templated":true}]}}