{"id":7983,"date":"2023-02-19T17:12:36","date_gmt":"2023-02-19T16:12:36","guid":{"rendered":"https:\/\/catholiques17.fr\/ecochretiens17\/?p=7983"},"modified":"2023-02-19T17:24:57","modified_gmt":"2023-02-19T16:24:57","slug":"avancer-ensemble-une-ecologie-integrale-2","status":"publish","type":"post","link":"https:\/\/catholiques17.fr\/ecochretiens17\/2023\/02\/19\/avancer-ensemble-une-ecologie-integrale-2\/","title":{"rendered":"AVANCER ENSEMBLE, une \u00e9cologie int\u00e9grale"},"content":{"rendered":"\n<hr class=\"wp-block-separator has-alpha-channel-opacity\" \/>\n\n\n\n<div style=\"height:28px\" aria-hidden=\"true\" class=\"wp-block-spacer\"><\/div>\n\n\n\n<p class=\"has-text-align-center\"><strong>EcoChr\u00e9tiens17 &amp; l&rsquo;Entraide Protestante vous invitent<\/strong><\/p>\n\n\n\n<p class=\"has-text-align-center\"> \u00e0 une rencontre sur le th\u00e8me de l&rsquo;\u00e9cologie int\u00e9grale aux &lsquo;Jardins de l&rsquo;Aubre\u00e7ay&rsquo;.<\/p>\n\n\n\n<p class=\"has-text-align-center\">Participation aux activit\u00e9s de ce Tiers-lieu, r\u00e9flexions &#8211; partages, c\u00e9l\u00e9bration &#8230;<\/p>\n\n\n\n<p class=\"has-text-align-center\">inscription recommand\u00e9e avant le 8 avril sur  ecochretiens17@gmail.com <\/p>\n\n\n\n<div class=\"wp-block-buttons is-layout-flex wp-block-buttons-is-layout-flex\"><\/div>\n\n\n\n<figure class=\"wp-block-image aligncenter size-full is-resized\"><img loading=\"lazy\" decoding=\"async\" src=\"https:\/\/catholiques17.fr\/ecochretiens17\/wp-content\/uploads\/sites\/31\/2023\/02\/Invitation-Ecologie-16-avril-2023-2.jpg\" alt=\"\" class=\"wp-image-7984\" width=\"565\" height=\"800\" srcset=\"https:\/\/catholiques17.fr\/ecochretiens17\/wp-content\/uploads\/sites\/31\/2023\/02\/Invitation-Ecologie-16-avril-2023-2.jpg 565w, https:\/\/catholiques17.fr\/ecochretiens17\/wp-content\/uploads\/sites\/31\/2023\/02\/Invitation-Ecologie-16-avril-2023-2-480x680.jpg 480w\" sizes=\"(min-width: 0px) and (max-width: 480px) 480px, (min-width: 481px) 565px, 100vw\" \/><\/figure>\n","protected":false},"excerpt":{"rendered":"<p>EcoChr\u00e9tiens17 &amp; l&rsquo;Entraide Protestante vous invitent \u00e0 une rencontre sur le th\u00e8me de l&rsquo;\u00e9cologie int\u00e9grale aux &lsquo;Jardins de l&rsquo;Aubre\u00e7ay&rsquo;. Participation aux activit\u00e9s de ce Tiers-lieu, r\u00e9flexions &#8211; partages, c\u00e9l\u00e9bration &#8230; [&hellip;]<\/p>\n","protected":false},"author":49,"featured_media":7992,"comment_status":"open","ping_status":"open","sticky":false,"template":"","format":"standard","meta":{"_et_pb_use_builder":"off","_et_pb_old_content":"","_et_gb_content_width":"","footnotes":""},"categories":[6,30],"tags":[],"class_list":["post-7983","post","type-post","status-publish","format-standard","has-post-thumbnail","hentry","category-actualite","category-animation-ec17"],"_links":{"self":[{"href":"https:\/\/catholiques17.fr\/ecochretiens17\/wp-json\/wp\/v2\/posts\/7983","targetHints":{"allow":["GET"]}}],"collection":[{"href":"https:\/\/catholiques17.fr\/ecochretiens17\/wp-json\/wp\/v2\/posts"}],"about":[{"href":"https:\/\/catholiques17.fr\/ecochretiens17\/wp-json\/wp\/v2\/types\/post"}],"author":[{"embeddable":true,"href":"https:\/\/catholiques17.fr\/ecochretiens17\/wp-json\/wp\/v2\/users\/49"}],"replies":[{"embeddable":true,"href":"https:\/\/catholiques17.fr\/ecochretiens17\/wp-json\/wp\/v2\/comments?post=7983"}],"version-history":[{"count":8,"href":"https:\/\/catholiques17.fr\/ecochretiens17\/wp-json\/wp\/v2\/posts\/7983\/revisions"}],"predecessor-version":[{"id":7994,"href":"https:\/\/catholiques17.fr\/ecochretiens17\/wp-json\/wp\/v2\/posts\/7983\/revisions\/7994"}],"wp:featuredmedia":[{"embeddable":true,"href":"https:\/\/catholiques17.fr\/ecochretiens17\/wp-json\/wp\/v2\/media\/7992"}],"wp:attachment":[{"href":"https:\/\/catholiques17.fr\/ecochretiens17\/wp-json\/wp\/v2\/media?parent=7983"}],"wp:term":[{"taxonomy":"category","embeddable":true,"href":"https:\/\/catholiques17.fr\/ecochretiens17\/wp-json\/wp\/v2\/categories?post=7983"},{"taxonomy":"post_tag","embeddable":true,"href":"https:\/\/catholiques17.fr\/ecochretiens17\/wp-json\/wp\/v2\/tags?post=7983"}],"curies":[{"name":"wp","href":"https:\/\/api.w.org\/{rel}","templated":true}]}}