{"id":7893,"date":"2023-01-30T17:12:31","date_gmt":"2023-01-30T16:12:31","guid":{"rendered":"https:\/\/catholiques17.fr\/ecochretiens17\/?p=7893"},"modified":"2023-01-31T10:58:21","modified_gmt":"2023-01-31T09:58:21","slug":"eglise-verte","status":"publish","type":"post","link":"https:\/\/catholiques17.fr\/ecochretiens17\/2023\/01\/30\/eglise-verte\/","title":{"rendered":"Eglise verte"},"content":{"rendered":"\n<div style=\"height:60px\" aria-hidden=\"true\" class=\"wp-block-spacer\"><\/div>\n\n\n\n<h2 class=\"wp-block-heading\">Pourquoi&nbsp;<strong>le label \u00c9glise verte ?<\/strong><\/h2>\n\n\n\n<div style=\"height:35px\" aria-hidden=\"true\" class=\"wp-block-spacer\"><\/div>\n\n\n\n<ul class=\"wp-block-list\">\n<li>Parce que nous croyons que Dieu se r\u00e9v\u00e8le par son \u0153uvre,&nbsp;et qu\u2019il l\u2019a confi\u00e9e aux hommes qui doivent la cultiver et la garder,\u200b<\/li>\n\n\n\n<li>Parce que la vie sur terre est une b\u00e9n\u00e9diction et montre l\u2019amour de Dieu,&nbsp;et qu\u2019agir pour la pr\u00e9server est une fa\u00e7on d\u2019aimer son prochain et d\u2019agir pour la justice,<\/li>\n\n\n\n<li>Parce que la crise \u00e9cologique nous engage \u00e0 entendre le cri de la terre qui \u201cg\u00e9mit en travail d\u2019enfantement\u201d (Rm 8,22) et \u00e0 choisir, dans l\u2019esp\u00e9rance, des modes de vie, pr\u00e9mices d\u2019une cr\u00e9ation nouvelle r\u00e9concili\u00e9e en Christ,<\/li>\n\n\n\n<li>Parce que le peuple de Dieu peut prier et agir pour apporter cet espoir au monde,<\/li>\n\n\n\n<li>Parce que nous avons conscience que c\u2019est en nous convertissant ensemble que nous contribuerons \u00e0 b\u00e2tir ce monde plus juste et \u00e9cologique n\u00e9cessaire \u00e0 la survie de l\u2019humanit\u00e9,\u200b<\/li>\n<\/ul>\n\n\n\n<p><strong>D\u00e8s aujourd\u2019hui vous pouvez d\u00e9couvrir en quoi consiste ce label<br>et remplir, avec votre communaut\u00e9, l\u2019Eco-diagnostic.<\/strong><\/p>\n\n\n\n<p><a href=\"https:\/\/www.egliseverte.org\/prealables\/\" target=\"_blank\" rel=\"noreferrer noopener\">D\u00e9couvrir et s&rsquo;inscrire<\/a><\/p>\n\n\n\n<hr class=\"wp-block-separator alignfull has-alpha-channel-opacity\"\/>\n\n\n\n<div style=\"height:100px\" aria-hidden=\"true\" class=\"wp-block-spacer\"><\/div>\n\n\n\n<div style=\"height:0px\" aria-hidden=\"true\" class=\"wp-block-spacer\"><\/div>\n","protected":false},"excerpt":{"rendered":"<p>Pourquoi&nbsp;le label \u00c9glise verte ? D\u00e8s aujourd\u2019hui vous pouvez d\u00e9couvrir en quoi consiste ce labelet remplir, avec votre communaut\u00e9, l\u2019Eco-diagnostic. D\u00e9couvrir et s&rsquo;inscrire<\/p>\n","protected":false},"author":49,"featured_media":7886,"comment_status":"open","ping_status":"open","sticky":false,"template":"","format":"standard","meta":{"_et_pb_use_builder":"off","_et_pb_old_content":"","_et_gb_content_width":"","footnotes":""},"categories":[6],"tags":[],"class_list":["post-7893","post","type-post","status-publish","format-standard","has-post-thumbnail","hentry","category-actualite"],"_links":{"self":[{"href":"https:\/\/catholiques17.fr\/ecochretiens17\/wp-json\/wp\/v2\/posts\/7893","targetHints":{"allow":["GET"]}}],"collection":[{"href":"https:\/\/catholiques17.fr\/ecochretiens17\/wp-json\/wp\/v2\/posts"}],"about":[{"href":"https:\/\/catholiques17.fr\/ecochretiens17\/wp-json\/wp\/v2\/types\/post"}],"author":[{"embeddable":true,"href":"https:\/\/catholiques17.fr\/ecochretiens17\/wp-json\/wp\/v2\/users\/49"}],"replies":[{"embeddable":true,"href":"https:\/\/catholiques17.fr\/ecochretiens17\/wp-json\/wp\/v2\/comments?post=7893"}],"version-history":[{"count":4,"href":"https:\/\/catholiques17.fr\/ecochretiens17\/wp-json\/wp\/v2\/posts\/7893\/revisions"}],"predecessor-version":[{"id":7909,"href":"https:\/\/catholiques17.fr\/ecochretiens17\/wp-json\/wp\/v2\/posts\/7893\/revisions\/7909"}],"wp:featuredmedia":[{"embeddable":true,"href":"https:\/\/catholiques17.fr\/ecochretiens17\/wp-json\/wp\/v2\/media\/7886"}],"wp:attachment":[{"href":"https:\/\/catholiques17.fr\/ecochretiens17\/wp-json\/wp\/v2\/media?parent=7893"}],"wp:term":[{"taxonomy":"category","embeddable":true,"href":"https:\/\/catholiques17.fr\/ecochretiens17\/wp-json\/wp\/v2\/categories?post=7893"},{"taxonomy":"post_tag","embeddable":true,"href":"https:\/\/catholiques17.fr\/ecochretiens17\/wp-json\/wp\/v2\/tags?post=7893"}],"curies":[{"name":"wp","href":"https:\/\/api.w.org\/{rel}","templated":true}]}}