{"id":7888,"date":"2023-01-31T08:55:01","date_gmt":"2023-01-31T07:55:01","guid":{"rendered":"https:\/\/catholiques17.fr\/ecochretiens17\/?p=7888"},"modified":"2023-01-31T15:42:15","modified_gmt":"2023-01-31T14:42:15","slug":"8-eme-anniversaire-de-laudato-si","status":"publish","type":"post","link":"https:\/\/catholiques17.fr\/ecochretiens17\/2023\/01\/31\/8-eme-anniversaire-de-laudato-si\/","title":{"rendered":"8 \u00e8me anniversaire de Laudato Si&rsquo;"},"content":{"rendered":"\n<div style=\"height:36px\" aria-hidden=\"true\" class=\"wp-block-spacer\"><\/div>\n\n\n\n<hr class=\"wp-block-separator alignfull has-alpha-channel-opacity\" \/>\n\n\n\n<div style=\"height:42px\" aria-hidden=\"true\" class=\"wp-block-spacer\"><\/div>\n\n\n\n<p>Tous les 15 janvier, nous f\u00eatons une ann\u00e9e d\u2019existence de plus en tant que Mouvement Laudato Si\u2019, en souvenir de la visite du Pape Fran\u00e7ois aux Philippines, apr\u00e8s le passage du super typhon Haiyan. [Pour en savoir plus sur l\u2019histoire de notre cr\u00e9ation, vous pouvez consulter la section&nbsp;<a href=\"https:\/\/laudatosimovement.org\/fr\/qui-nous-sommes\/\" target=\"_blank\" rel=\"noreferrer noopener\">\u201cQui nous sommes\u201d de notre site web<\/a>].<\/p>\n\n\n\n<p>En 2023, nous f\u00eatons notre 8\u00e8me anniversaire en accueillant de nombreux et r\u00e9cents changements, qui s\u2019accompagnent d\u2019un grand processus de discernement s\u2019\u00e9tant d\u00e9roul\u00e9 au cours des derni\u00e8res ann\u00e9es. Le changement le plus important a eu lieu le 29 juillet 2021, lorsque&nbsp;<a href=\"https:\/\/laudatosimovement.org\/news\/momentous-moment-launches-new-name-laudato-si-movement\/\" target=\"_blank\" rel=\"noreferrer noopener\">le Mouvement catholique mondial pour le climat est devenu le Mouvement Laudato Si\u2019<\/a>.<\/p>\n\n\n\n<div style=\"height:100px\" aria-hidden=\"true\" class=\"wp-block-spacer\"><\/div>\n","protected":false},"excerpt":{"rendered":"<p>Tous les 15 janvier, nous f\u00eatons une ann\u00e9e d\u2019existence de plus en tant que Mouvement Laudato Si\u2019, en souvenir de la visite du Pape Fran\u00e7ois aux Philippines, apr\u00e8s le passage [&hellip;]<\/p>\n","protected":false},"author":49,"featured_media":7887,"comment_status":"open","ping_status":"open","sticky":false,"template":"","format":"standard","meta":{"_et_pb_use_builder":"off","_et_pb_old_content":"","_et_gb_content_width":"","footnotes":""},"categories":[6,29],"tags":[],"class_list":["post-7888","post","type-post","status-publish","format-standard","has-post-thumbnail","hentry","category-actualite","category-laudato-si"],"_links":{"self":[{"href":"https:\/\/catholiques17.fr\/ecochretiens17\/wp-json\/wp\/v2\/posts\/7888","targetHints":{"allow":["GET"]}}],"collection":[{"href":"https:\/\/catholiques17.fr\/ecochretiens17\/wp-json\/wp\/v2\/posts"}],"about":[{"href":"https:\/\/catholiques17.fr\/ecochretiens17\/wp-json\/wp\/v2\/types\/post"}],"author":[{"embeddable":true,"href":"https:\/\/catholiques17.fr\/ecochretiens17\/wp-json\/wp\/v2\/users\/49"}],"replies":[{"embeddable":true,"href":"https:\/\/catholiques17.fr\/ecochretiens17\/wp-json\/wp\/v2\/comments?post=7888"}],"version-history":[{"count":6,"href":"https:\/\/catholiques17.fr\/ecochretiens17\/wp-json\/wp\/v2\/posts\/7888\/revisions"}],"predecessor-version":[{"id":7940,"href":"https:\/\/catholiques17.fr\/ecochretiens17\/wp-json\/wp\/v2\/posts\/7888\/revisions\/7940"}],"wp:featuredmedia":[{"embeddable":true,"href":"https:\/\/catholiques17.fr\/ecochretiens17\/wp-json\/wp\/v2\/media\/7887"}],"wp:attachment":[{"href":"https:\/\/catholiques17.fr\/ecochretiens17\/wp-json\/wp\/v2\/media?parent=7888"}],"wp:term":[{"taxonomy":"category","embeddable":true,"href":"https:\/\/catholiques17.fr\/ecochretiens17\/wp-json\/wp\/v2\/categories?post=7888"},{"taxonomy":"post_tag","embeddable":true,"href":"https:\/\/catholiques17.fr\/ecochretiens17\/wp-json\/wp\/v2\/tags?post=7888"}],"curies":[{"name":"wp","href":"https:\/\/api.w.org\/{rel}","templated":true}]}}