{"id":9999,"date":"2026-02-27T09:16:40","date_gmt":"2026-02-27T08:16:40","guid":{"rendered":"https:\/\/catholiques17.fr\/chatelaillon\/?p=9999"},"modified":"2026-02-28T19:34:58","modified_gmt":"2026-02-28T18:34:58","slug":"annonces-paroissiales-du-28-fevrier-au-8-mars","status":"publish","type":"post","link":"https:\/\/catholiques17.fr\/chatelaillon\/2026\/02\/27\/annonces-paroissiales-du-28-fevrier-au-8-mars\/","title":{"rendered":"Annonces Paroissiales du 28 f\u00e9vrier au 8 mars 2026"},"content":{"rendered":"\n<p><strong>Samedi 28 F\u00e9vrier<\/strong><\/p>\n\n\n\n<p><strong>14 H 00 :&nbsp;<\/strong>Rencontre de cat\u00e9chisme CE\/CM \u00e0 SALLES SUR MER<\/p>\n\n\n\n<p><strong>18 H 00&nbsp;<\/strong>: Messe \u00e0 SAINT VIVIEN<\/p>\n\n\n\n<p><strong>Dimanche 1<sup>er<\/sup>&nbsp;Mars&nbsp;<\/strong><\/p>\n\n\n\n<p><strong>9 H 45 :&nbsp;<\/strong>Rencontre de pr\u00e9paration \u00e0 la 1<sup>\u00e8re<\/sup>&nbsp;Communion \u00e0 la Salle Paroissiale de CHATELAILLON<\/p>\n\n\n\n<p><strong>10 H 30 :<\/strong>&nbsp;Messe \u00e0 CHATELAILLON (Marie-Claude LAPLACE)<\/p>\n\n\n\n<p><strong>16 H 30 :<\/strong>&nbsp;Concert du Ch\u0153ur Gospel SOLRHEA \u00e0 l\u2019Eglise de SALLES SUR MER<\/p>\n\n\n\n<p><strong>Lundi 2 Mars<\/strong><\/p>\n\n\n\n<p><strong>14 H 30 :&nbsp;<\/strong>Temps deRencontre et de partage \u00e0 la Salle Paroissiale d\u2019ANGOULINS (8 Rue Personnat) autour des \u00e9vangiles des derniers dimanche avant P\u00e2ques.&nbsp;Th\u00e8me&nbsp;: La Samaritaine (autres rencontres : lundi 9 Mars : l\u2019aveugle n\u00e9, lundi 16 mars : la r\u00e9surrection de Lazare)<\/p>\n\n\n\n<p><strong>Mardi 3 Mars<\/strong><\/p>\n\n\n\n<p><strong>18 H 00 :&nbsp;<\/strong>Messe \u00e0 CHATELAILLON<\/p>\n\n\n\n<p><strong>Mercredi 4 Mars<\/strong><\/p>\n\n\n\n<p><strong>10 H 00 :&nbsp;<\/strong>Obs\u00e8ques \u00e0 SALLES SUR MER de Madame Violette GUILLEBAUD<\/p>\n\n\n\n<p><strong>15 H 00 :&nbsp;<\/strong>Obs\u00e8ques \u00e0 SALLES SUR MER de Monsieur Lucien ROUCHER<\/p>\n\n\n\n<p><strong>15 H 00 :&nbsp;<\/strong>Rencontre du Rosaire \u00e0 la Salle Paroissiale de CHATELAILLON<\/p>\n\n\n\n<p><strong>Jeudi 5 Mars<\/strong><\/p>\n\n\n\n<p><strong>15 H 00 :&nbsp;<\/strong>Obs\u00e8ques \u00e0 CHATELAILLON de Monsieur Serge BECQUET<\/p>\n\n\n\n<p><strong>Vendredi 6 Mars<\/strong><\/p>\n\n\n\n<p><strong>15H00 : <\/strong>Obs\u00e8ques de Madame Marguerite-Marie BOUVIER \u00e0 Angoulins<\/p>\n\n\n\n<p><strong>17 H 30 :&nbsp;<\/strong>Chapelet et Adoration Eucharistique \u00e0 LA JARNE<\/p>\n\n\n\n<p><strong>17 H 30 :&nbsp;<\/strong>Rencontres d\u2019Aum\u00f4nerie \u00e0 l\u2019accueil du Presbyt\u00e8re (6<sup>\u00e8me<\/sup>\/5<sup>\u00e8me<\/sup>) et \u00e0 la Salle paroissiale (4<sup>\u00e8me<\/sup>\/3<sup>\u00e8me&nbsp;<\/sup>\/Lyc\u00e9ens)<\/p>\n\n\n\n<p><strong>Samedi 7 Mars<\/strong><\/p>\n\n\n\n<p><strong>9 H 00 :&nbsp;<\/strong>Rencontre de cat\u00e9chisme des CE1 \u00e0 la Salle Paroissiale de CHATELAILLON<\/p>\n\n\n\n<p><strong>10 H 15 :&nbsp;<\/strong>Rencontre de cat\u00e9chisme CE2\/CM \u00e0 la Salle Paroissiale de CHATELAILLON<\/p>\n\n\n\n<p><strong>18 H 00&nbsp;<\/strong>: Messe \u00e0 ANGOULINS (Suzanne et Louis GUICHARD, H\u00e9l\u00e8ne CHARPENTIER, R\u00e9gine et Jean-Claude PETIT)<\/p>\n\n\n\n<p><strong>Dimanche 8 Mars&nbsp;<\/strong><\/p>\n\n\n\n<p><strong>10 H 30 :<\/strong>&nbsp;Messe \u00e0 CHATELAILLON \u2013 1<sup>er<\/sup>&nbsp;scrutin de Floriane SENELIER (Madeleine BELTRANO, Marguerite LE BIHAN)<\/p>\n","protected":false},"excerpt":{"rendered":"<p>Samedi 28 F\u00e9vrier 14 H 00 :&nbsp;Rencontre de cat\u00e9chisme CE\/CM \u00e0 SALLES SUR MER 18 H 00&nbsp;: Messe \u00e0 SAINT VIVIEN Dimanche 1er&nbsp;Mars&nbsp; 9 H 45 :&nbsp;Rencontre de pr\u00e9paration \u00e0 [&hellip;]<\/p>\n","protected":false},"author":91,"featured_media":9499,"comment_status":"open","ping_status":"open","sticky":false,"template":"","format":"standard","meta":{"_et_pb_use_builder":"off","_et_pb_old_content":"","_et_gb_content_width":"","footnotes":""},"categories":[6],"tags":[],"class_list":["post-9999","post","type-post","status-publish","format-standard","has-post-thumbnail","hentry","category-actualite"],"_links":{"self":[{"href":"https:\/\/catholiques17.fr\/chatelaillon\/wp-json\/wp\/v2\/posts\/9999","targetHints":{"allow":["GET"]}}],"collection":[{"href":"https:\/\/catholiques17.fr\/chatelaillon\/wp-json\/wp\/v2\/posts"}],"about":[{"href":"https:\/\/catholiques17.fr\/chatelaillon\/wp-json\/wp\/v2\/types\/post"}],"author":[{"embeddable":true,"href":"https:\/\/catholiques17.fr\/chatelaillon\/wp-json\/wp\/v2\/users\/91"}],"replies":[{"embeddable":true,"href":"https:\/\/catholiques17.fr\/chatelaillon\/wp-json\/wp\/v2\/comments?post=9999"}],"version-history":[{"count":3,"href":"https:\/\/catholiques17.fr\/chatelaillon\/wp-json\/wp\/v2\/posts\/9999\/revisions"}],"predecessor-version":[{"id":10055,"href":"https:\/\/catholiques17.fr\/chatelaillon\/wp-json\/wp\/v2\/posts\/9999\/revisions\/10055"}],"wp:featuredmedia":[{"embeddable":true,"href":"https:\/\/catholiques17.fr\/chatelaillon\/wp-json\/wp\/v2\/media\/9499"}],"wp:attachment":[{"href":"https:\/\/catholiques17.fr\/chatelaillon\/wp-json\/wp\/v2\/media?parent=9999"}],"wp:term":[{"taxonomy":"category","embeddable":true,"href":"https:\/\/catholiques17.fr\/chatelaillon\/wp-json\/wp\/v2\/categories?post=9999"},{"taxonomy":"post_tag","embeddable":true,"href":"https:\/\/catholiques17.fr\/chatelaillon\/wp-json\/wp\/v2\/tags?post=9999"}],"curies":[{"name":"wp","href":"https:\/\/api.w.org\/{rel}","templated":true}]}}