{"id":9949,"date":"2026-02-15T16:14:15","date_gmt":"2026-02-15T15:14:15","guid":{"rendered":"https:\/\/catholiques17.fr\/chatelaillon\/?p=9949"},"modified":"2026-02-15T17:00:21","modified_gmt":"2026-02-15T16:00:21","slug":"careme-2026","status":"publish","type":"post","link":"https:\/\/catholiques17.fr\/chatelaillon\/2026\/02\/15\/careme-2026\/","title":{"rendered":"Car\u00eame 2026"},"content":{"rendered":"\n<p><\/p>\n\n\n\n<p class=\"has-medium-font-size\"><strong>Le 18 f\u00e9vrier, nous entrerons dans le \u00ab Car\u00eame \u00bb<\/strong>. <\/p>\n\n\n\n<p class=\"has-medium-font-size\">Ce mot vient du latin quadragesima, qui signifie \u00ab quaranti\u00e8me \u00bb. 40, un chiffre tr\u00e8s fr\u00e9quent dans la Bible : le D\u00e9luge a dur\u00e9 40 jours, le peuple juif a err\u00e9 40 ans dans le d\u00e9sert ; Mo\u00efse a je\u00fbn\u00e9 40 jours avant de recevoir les tables de la Loi\u2026 mais la r\u00e9f\u00e9rence biblique principale est celle de la tentation de J\u00e9sus au d\u00e9sert. Apr\u00e8s avoir je\u00fbn\u00e9 et pri\u00e9 pendant 40 jours et 40 nuits, J\u00e9sus voit le diable appara\u00eetre &#8230; C&rsquo;est le temps de l&rsquo;\u00e9preuve et du combat spirituel.&nbsp;<\/p>\n\n\n\n<p class=\"has-medium-font-size\"><strong>Le Car\u00eame s&rsquo;ouvre le Mercredi des Cendres et se termine le Jeudi saint, s&rsquo;\u00e9talant ainsi sur les 46 jours avant P\u00e2ques. Mais il dure bien 40 jours car on ne \u00ab&nbsp;compte&nbsp;\u00bb pas les dimanches. En effet le dimanche est le jour de comm\u00e9moration de la R\u00e9surrection du Christ ; donc on ne peut pas je\u00fbner ce jour, faire p\u00e9nitence, \u00eatre triste car c&rsquo;est le jour par excellence d&rsquo;action de gr\u00e2ce.<\/strong><\/p>\n\n\n\n<p class=\"has-medium-font-size\"><strong>Messe des Cendres<\/strong> : Mercredi 18 f\u00e9vrier \u00e0 19h, \u00e0 l&rsquo;\u00e9glise Sainte Madeleine de Ch\u00e2telaillon<\/p>\n\n\n\n<figure class=\"wp-block-image aligncenter size-full is-resized\"><img loading=\"lazy\" decoding=\"async\" width=\"612\" height=\"408\" src=\"https:\/\/catholiques17.fr\/chatelaillon\/wp-content\/uploads\/sites\/12\/2026\/02\/cendres-main.jpg\" alt=\"\" class=\"wp-image-9951\" style=\"aspect-ratio:1.5000257559367434;width:279px;height:auto\" srcset=\"https:\/\/catholiques17.fr\/chatelaillon\/wp-content\/uploads\/sites\/12\/2026\/02\/cendres-main.jpg 612w, https:\/\/catholiques17.fr\/chatelaillon\/wp-content\/uploads\/sites\/12\/2026\/02\/cendres-main-480x320.jpg 480w\" sizes=\"(min-width: 0px) and (max-width: 480px) 480px, (min-width: 481px) 612px, 100vw\" \/><figcaption class=\"wp-element-caption\">H<\/figcaption><\/figure>\n\n\n\n<p class=\"has-medium-font-size\"><strong>Parcours de Car\u00eame propos\u00e9 dans la paroisse de Ch\u00e2telaillon<\/strong> :<\/p>\n\n\n\n<p class=\"has-medium-font-size\">Pendant le Car\u00eame seront propos\u00e9s 3 temps de rencontre et de partage autour des \u00e9vangiles des derniers dimanches avant P\u00e2ques&nbsp;:<\/p>\n\n\n\n<p class=\"has-medium-font-size\"><strong>Lundi 2 mars&nbsp;<\/strong>: \u00e9vangile du 3<sup>\u00e8me<\/sup>&nbsp;dimanche de Car\u00eame, la Samaritaine<\/p>\n\n\n\n<p class=\"has-medium-font-size\"><strong>Lundi 9 mars&nbsp;<\/strong>: \u00e9vangile du 4<sup>\u00e8me<\/sup>&nbsp;dimanche de Car\u00eame&nbsp;: l\u2019aveugle n\u00e9<\/p>\n\n\n\n<p class=\"has-medium-font-size\"><strong>Lundi 16 mars<\/strong>&nbsp;: \u00e9vangile du 5<sup>\u00e8me<\/sup>&nbsp;dimanche de Car\u00eame&nbsp;: la r\u00e9surrection de Lazare<\/p>\n\n\n\n<p class=\"has-medium-font-size\">Les r\u00e9unions se tiendront \u00e0 la salle paroissiale d&rsquo;Angoulins (8 rue Personnat) de 14h30 \u00e0 15h30<\/p>\n\n\n\n<p><\/p>\n\n\n\n<p><\/p>\n\n\n\n<p class=\"has-medium-font-size\"><strong>Le dioc\u00e8se de La Rochelle propose un parcours de Car\u00eame<\/strong><\/p>\n\n\n\n<figure class=\"wp-block-image aligncenter size-full is-resized\"><img loading=\"lazy\" decoding=\"async\" width=\"575\" height=\"516\" src=\"https:\/\/catholiques17.fr\/chatelaillon\/wp-content\/uploads\/sites\/12\/2026\/02\/photo-parcours-Careme-dioese-.jpg\" alt=\"\" class=\"wp-image-9952\" style=\"aspect-ratio:1.1143425684983927;width:193px;height:auto\" srcset=\"https:\/\/catholiques17.fr\/chatelaillon\/wp-content\/uploads\/sites\/12\/2026\/02\/photo-parcours-Careme-dioese-.jpg 575w, https:\/\/catholiques17.fr\/chatelaillon\/wp-content\/uploads\/sites\/12\/2026\/02\/photo-parcours-Careme-dioese--480x431.jpg 480w\" sizes=\"(min-width: 0px) and (max-width: 480px) 480px, (min-width: 481px) 575px, 100vw\" \/><\/figure>\n\n\n\n<h3 class=\"wp-block-heading has-medium-font-size\">Le 9 octobre 2025, le pape L\u00e9on XIV a publi\u00e9 sa premi\u00e8re exhortation apostolique :<\/h3>\n\n\n\n<h3 class=\"wp-block-heading has-medium-font-size\"><em><strong>Dilexi te, Je t\u2019ai aim\u00e9<\/strong><\/em>.<\/h3>\n\n\n\n<h3 class=\"wp-block-heading has-medium-font-size\">C\u2019est avec cette lettre \u00ab&nbsp;Sur l\u2019amour envers les pauvres&nbsp;\u00bb que le dioc\u00e8se de La Rochelle vous propose de marcher, tout au long de ce temps du car\u00eame, pour apprendre \u00e0 reconna\u00eetre le Christ en nos fr\u00e8res et s\u0153urs les plus pauvres, pour mieux les aimer et \u00e0 les servir, et pour convertir nos coeurs.<\/h3>\n\n\n\n<h3 class=\"wp-block-heading\"><\/h3>\n\n\n\n<p><\/p>\n\n\n\n<p><\/p>\n\n\n\n<p><\/p>\n","protected":false},"excerpt":{"rendered":"<p>Le 18 f\u00e9vrier, nous entrerons dans le \u00ab Car\u00eame \u00bb. Ce mot vient du latin quadragesima, qui signifie \u00ab quaranti\u00e8me \u00bb. 40, un chiffre tr\u00e8s fr\u00e9quent dans la Bible : [&hellip;]<\/p>\n","protected":false},"author":90,"featured_media":9954,"comment_status":"open","ping_status":"open","sticky":false,"template":"","format":"standard","meta":{"_et_pb_use_builder":"off","_et_pb_old_content":"","_et_gb_content_width":"","footnotes":""},"categories":[6,38],"tags":[],"class_list":["post-9949","post","type-post","status-publish","format-standard","has-post-thumbnail","hentry","category-actualite","category-careme"],"_links":{"self":[{"href":"https:\/\/catholiques17.fr\/chatelaillon\/wp-json\/wp\/v2\/posts\/9949","targetHints":{"allow":["GET"]}}],"collection":[{"href":"https:\/\/catholiques17.fr\/chatelaillon\/wp-json\/wp\/v2\/posts"}],"about":[{"href":"https:\/\/catholiques17.fr\/chatelaillon\/wp-json\/wp\/v2\/types\/post"}],"author":[{"embeddable":true,"href":"https:\/\/catholiques17.fr\/chatelaillon\/wp-json\/wp\/v2\/users\/90"}],"replies":[{"embeddable":true,"href":"https:\/\/catholiques17.fr\/chatelaillon\/wp-json\/wp\/v2\/comments?post=9949"}],"version-history":[{"count":4,"href":"https:\/\/catholiques17.fr\/chatelaillon\/wp-json\/wp\/v2\/posts\/9949\/revisions"}],"predecessor-version":[{"id":9959,"href":"https:\/\/catholiques17.fr\/chatelaillon\/wp-json\/wp\/v2\/posts\/9949\/revisions\/9959"}],"wp:featuredmedia":[{"embeddable":true,"href":"https:\/\/catholiques17.fr\/chatelaillon\/wp-json\/wp\/v2\/media\/9954"}],"wp:attachment":[{"href":"https:\/\/catholiques17.fr\/chatelaillon\/wp-json\/wp\/v2\/media?parent=9949"}],"wp:term":[{"taxonomy":"category","embeddable":true,"href":"https:\/\/catholiques17.fr\/chatelaillon\/wp-json\/wp\/v2\/categories?post=9949"},{"taxonomy":"post_tag","embeddable":true,"href":"https:\/\/catholiques17.fr\/chatelaillon\/wp-json\/wp\/v2\/tags?post=9949"}],"curies":[{"name":"wp","href":"https:\/\/api.w.org\/{rel}","templated":true}]}}