{"id":9731,"date":"2026-01-20T16:24:58","date_gmt":"2026-01-20T15:24:58","guid":{"rendered":"https:\/\/catholiques17.fr\/chatelaillon\/?p=9731"},"modified":"2026-01-20T16:56:27","modified_gmt":"2026-01-20T15:56:27","slug":"retour-sur-la-rencontre-des-paroissiens-du-doyenne-de-la-plaine-daunis-avec-mgr-bozo-le-samedi-10-janvier-2026","status":"publish","type":"post","link":"https:\/\/catholiques17.fr\/chatelaillon\/2026\/01\/20\/retour-sur-la-rencontre-des-paroissiens-du-doyenne-de-la-plaine-daunis-avec-mgr-bozo-le-samedi-10-janvier-2026\/","title":{"rendered":"Retour sur la rencontre des Paroissiens du Doyenn\u00e9 de la Plaine d&rsquo;Aunis avec Mgr Bozo le samedi 10 janvier 2026"},"content":{"rendered":"\n<p class=\"has-text-align-center has-medium-font-size\"><strong>Monseigneur Bozo, r\u00e9cemment nomm\u00e9 par le Pape, Ev\u00eaque Coadjuteur de La Rochelle et de Saintes, avait donn\u00e9 rendez-vous au paroissiens du  Doyenn\u00e9 de la Plaine d&rsquo;Aunis \u00e0 Saint Jean de Liversay pour un apr\u00e8s-midi d&rsquo;\u00e9changes dont le point d&rsquo;orgue a \u00e9t\u00e9 la messe anticip\u00e9e du dimanche.<\/strong><\/p>\n\n\n\n<figure class=\"wp-block-gallery has-nested-images columns-3 is-cropped wp-block-gallery-1 is-layout-flex wp-block-gallery-is-layout-flex\">\n<figure class=\"wp-block-image size-full\"><img loading=\"lazy\" decoding=\"async\" width=\"370\" height=\"800\" data-id=\"9735\" src=\"https:\/\/catholiques17.fr\/chatelaillon\/wp-content\/uploads\/sites\/12\/2026\/01\/20260110_154015.jpg\" alt=\"\" class=\"wp-image-9735\" srcset=\"https:\/\/catholiques17.fr\/chatelaillon\/wp-content\/uploads\/sites\/12\/2026\/01\/20260110_154015.jpg 370w, https:\/\/catholiques17.fr\/chatelaillon\/wp-content\/uploads\/sites\/12\/2026\/01\/20260110_154015-139x300.jpg 139w\" sizes=\"(max-width: 370px) 100vw, 370px\" \/><\/figure>\n\n\n\n<figure class=\"wp-block-image size-full\"><img loading=\"lazy\" decoding=\"async\" width=\"800\" height=\"600\" data-id=\"9732\" src=\"https:\/\/catholiques17.fr\/chatelaillon\/wp-content\/uploads\/sites\/12\/2026\/01\/photo-salle-doyenne.jpg\" alt=\"\" class=\"wp-image-9732\" srcset=\"https:\/\/catholiques17.fr\/chatelaillon\/wp-content\/uploads\/sites\/12\/2026\/01\/photo-salle-doyenne.jpg 800w, https:\/\/catholiques17.fr\/chatelaillon\/wp-content\/uploads\/sites\/12\/2026\/01\/photo-salle-doyenne-480x360.jpg 480w\" sizes=\"(min-width: 0px) and (max-width: 480px) 480px, (min-width: 481px) 800px, 100vw\" \/><\/figure>\n\n\n\n<figure class=\"wp-block-image size-full\"><img loading=\"lazy\" decoding=\"async\" width=\"370\" height=\"800\" data-id=\"9736\" src=\"https:\/\/catholiques17.fr\/chatelaillon\/wp-content\/uploads\/sites\/12\/2026\/01\/20260110_155219.jpg\" alt=\"\" class=\"wp-image-9736\" srcset=\"https:\/\/catholiques17.fr\/chatelaillon\/wp-content\/uploads\/sites\/12\/2026\/01\/20260110_155219.jpg 370w, https:\/\/catholiques17.fr\/chatelaillon\/wp-content\/uploads\/sites\/12\/2026\/01\/20260110_155219-139x300.jpg 139w\" sizes=\"(max-width: 370px) 100vw, 370px\" \/><\/figure>\n<\/figure>\n\n\n\n<p>La pr\u00e9sentation de chacune des paroisses composant notre Doyenn\u00e9, dont celle de l&rsquo;ensemble pastoral de Chatelaillon par Dominique Gibon, a \u00e9t\u00e9 suivie d&rsquo;une intervention de Monseigneur Bozo, relatant son parcours et son programme pour l&rsquo;ann\u00e9e \u00e0 venir, notamment, une visite de trois jours dans toutes les paroisses du Dioc\u00e8se . S&rsquo;en est suivi un \u00e9change fourni avec les participants.<\/p>\n\n\n\n<figure class=\"wp-block-gallery has-nested-images columns-default is-cropped wp-block-gallery-2 is-layout-flex wp-block-gallery-is-layout-flex\">\n<figure class=\"wp-block-image size-large\"><img loading=\"lazy\" decoding=\"async\" width=\"800\" height=\"370\" data-id=\"9737\" src=\"https:\/\/catholiques17.fr\/chatelaillon\/wp-content\/uploads\/sites\/12\/2026\/01\/20260110_173659-1.jpg\" alt=\"\" class=\"wp-image-9737\" srcset=\"https:\/\/catholiques17.fr\/chatelaillon\/wp-content\/uploads\/sites\/12\/2026\/01\/20260110_173659-1.jpg 800w, https:\/\/catholiques17.fr\/chatelaillon\/wp-content\/uploads\/sites\/12\/2026\/01\/20260110_173659-1-480x222.jpg 480w\" sizes=\"(min-width: 0px) and (max-width: 480px) 480px, (min-width: 481px) 800px, 100vw\" \/><\/figure>\n\n\n\n<figure class=\"wp-block-image size-full\"><img loading=\"lazy\" decoding=\"async\" width=\"800\" height=\"370\" data-id=\"9749\" src=\"https:\/\/catholiques17.fr\/chatelaillon\/wp-content\/uploads\/sites\/12\/2026\/01\/20260110_173643.jpg\" alt=\"\" class=\"wp-image-9749\" srcset=\"https:\/\/catholiques17.fr\/chatelaillon\/wp-content\/uploads\/sites\/12\/2026\/01\/20260110_173643.jpg 800w, https:\/\/catholiques17.fr\/chatelaillon\/wp-content\/uploads\/sites\/12\/2026\/01\/20260110_173643-480x222.jpg 480w\" sizes=\"(min-width: 0px) and (max-width: 480px) 480px, (min-width: 481px) 800px, 100vw\" \/><\/figure>\n\n\n\n<figure class=\"wp-block-image size-large\"><img loading=\"lazy\" decoding=\"async\" width=\"800\" height=\"370\" data-id=\"9739\" src=\"https:\/\/catholiques17.fr\/chatelaillon\/wp-content\/uploads\/sites\/12\/2026\/01\/20260110_172709-1.jpg\" alt=\"\" class=\"wp-image-9739\" srcset=\"https:\/\/catholiques17.fr\/chatelaillon\/wp-content\/uploads\/sites\/12\/2026\/01\/20260110_172709-1.jpg 800w, https:\/\/catholiques17.fr\/chatelaillon\/wp-content\/uploads\/sites\/12\/2026\/01\/20260110_172709-1-480x222.jpg 480w\" sizes=\"(min-width: 0px) and (max-width: 480px) 480px, (min-width: 481px) 800px, 100vw\" \/><\/figure>\n<\/figure>\n\n\n\n<p>L&rsquo;apr\u00e8s-midi s&rsquo;est achev\u00e9e par une messe tr\u00e8s recueillie et tr\u00e8s participative dans l&rsquo;\u00e9glise Sainte-Madeleine de Saint Jean de Liversay, puis chacun est reparti enchant\u00e9 de cette journ\u00e9e de partage avec notre nouveau pasteur<\/p>\n","protected":false},"excerpt":{"rendered":"<p>Monseigneur Bozo, r\u00e9cemment nomm\u00e9 par le Pape, Ev\u00eaque Coadjuteur de La Rochelle et de Saintes, avait donn\u00e9 rendez-vous au paroissiens du Doyenn\u00e9 de la Plaine d&rsquo;Aunis \u00e0 Saint Jean de [&hellip;]<\/p>\n","protected":false},"author":91,"featured_media":9743,"comment_status":"open","ping_status":"open","sticky":false,"template":"","format":"standard","meta":{"_et_pb_use_builder":"off","_et_pb_old_content":"","_et_gb_content_width":"","footnotes":""},"categories":[6,18,23,33],"tags":[],"class_list":["post-9731","post","type-post","status-publish","format-standard","has-post-thumbnail","hentry","category-actualite","category-diocese","category-liturgie","category-paroisse"],"_links":{"self":[{"href":"https:\/\/catholiques17.fr\/chatelaillon\/wp-json\/wp\/v2\/posts\/9731","targetHints":{"allow":["GET"]}}],"collection":[{"href":"https:\/\/catholiques17.fr\/chatelaillon\/wp-json\/wp\/v2\/posts"}],"about":[{"href":"https:\/\/catholiques17.fr\/chatelaillon\/wp-json\/wp\/v2\/types\/post"}],"author":[{"embeddable":true,"href":"https:\/\/catholiques17.fr\/chatelaillon\/wp-json\/wp\/v2\/users\/91"}],"replies":[{"embeddable":true,"href":"https:\/\/catholiques17.fr\/chatelaillon\/wp-json\/wp\/v2\/comments?post=9731"}],"version-history":[{"count":7,"href":"https:\/\/catholiques17.fr\/chatelaillon\/wp-json\/wp\/v2\/posts\/9731\/revisions"}],"predecessor-version":[{"id":9750,"href":"https:\/\/catholiques17.fr\/chatelaillon\/wp-json\/wp\/v2\/posts\/9731\/revisions\/9750"}],"wp:featuredmedia":[{"embeddable":true,"href":"https:\/\/catholiques17.fr\/chatelaillon\/wp-json\/wp\/v2\/media\/9743"}],"wp:attachment":[{"href":"https:\/\/catholiques17.fr\/chatelaillon\/wp-json\/wp\/v2\/media?parent=9731"}],"wp:term":[{"taxonomy":"category","embeddable":true,"href":"https:\/\/catholiques17.fr\/chatelaillon\/wp-json\/wp\/v2\/categories?post=9731"},{"taxonomy":"post_tag","embeddable":true,"href":"https:\/\/catholiques17.fr\/chatelaillon\/wp-json\/wp\/v2\/tags?post=9731"}],"curies":[{"name":"wp","href":"https:\/\/api.w.org\/{rel}","templated":true}]}}