{"id":9647,"date":"2026-01-17T12:25:14","date_gmt":"2026-01-17T11:25:14","guid":{"rendered":"https:\/\/catholiques17.fr\/chatelaillon\/?p=9647"},"modified":"2026-01-19T15:06:09","modified_gmt":"2026-01-19T14:06:09","slug":"annonces-paroissiales","status":"publish","type":"post","link":"https:\/\/catholiques17.fr\/chatelaillon\/2026\/01\/17\/annonces-paroissiales\/","title":{"rendered":"Annonces paroissiales"},"content":{"rendered":"\n<p><\/p>\n\n\n\n<p><strong>Samedi 17&nbsp;<\/strong><strong>Janvier<\/strong><\/p>\n\n\n\n<p><strong>14 H 00 :<\/strong>&nbsp;Rencontre de cat\u00e9chisme CE2\/CM \u00e0 SALLES SUR MER<\/p>\n\n\n\n<p><strong>16h30&nbsp;<\/strong>: Rencontre d\u2019Eveil \u00e0 la Foi \u00e0 la sacristie de l\u2019\u00e9glise de SALLES SUR MER<\/p>\n\n\n\n<p><strong>18 H 00&nbsp;<\/strong>: Messe \u00e0 SALLES SUR MER<strong>&nbsp;<\/strong>(Michel Pierre)<\/p>\n\n\n\n<p><strong>Dimanche 18 Janvier&nbsp;<\/strong><\/p>\n\n\n\n<p><strong>10 H 30<\/strong>&nbsp;: Messe \u00e0 CHATELAILLON (Marie-No\u00ebl BOISONNET)<\/p>\n\n\n\n<p><strong>15h00<\/strong>&nbsp;: Galette des Rois paroissiale \u00e0 la salle Europe \u00e0 ANGOULINS<\/p>\n\n\n\n<p><strong>17 H 00 :&nbsp;<\/strong>Concert \u00e0 l\u2019\u00e9glise de CHATELAILLON de la Chorale Oc\u00e9ane et de la chorale Solin\u2019 en ch\u0153ur<\/p>\n\n\n\n<p><strong>Lundi 19 janvier<\/strong><\/p>\n\n\n\n<p><strong>10 H 15 :&nbsp;<\/strong>Obs\u00e8ques \u00e0 CHATELAILLON de Monsieur G\u00e9rard MASSE<\/p>\n\n\n\n<p><strong>Mardi 20 Janvier :<\/strong><\/p>\n\n\n\n<p><strong>10 H 30 :&nbsp;<\/strong>Obs\u00e8ques \u00e0 CHATELAILLON de Monsieur Jean-Philippe BOURDEAU<\/p>\n\n\n\n<p><strong>14 H 30 :&nbsp;<\/strong>Obs\u00e8ques \u00e0 CHATELAILLON de Madame Marie-Claude LAPLACE<\/p>\n\n\n\n<p><strong>18 H 00 :&nbsp;<\/strong>Messe \u00e0 CHATELAILLON<\/p>\n\n\n\n<p><strong>Vendredi 23 Janvier&nbsp;<\/strong><\/p>\n\n\n\n<p><strong>10 H 15 :&nbsp;<\/strong>Obs\u00e8ques \u00e0 CHATELAILLON de Monsieur Alain SUIRE<\/p>\n\n\n\n<p><strong>17 H 30 :&nbsp;<\/strong>Chapelet et Adoration Eucharistique \u00e0 LA JARNE<\/p>\n\n\n\n<p><strong>Samedi 24&nbsp;<\/strong><strong>Janvier<\/strong><\/p>\n\n\n\n<p><strong>18 H 00&nbsp;<\/strong>: Messe \u00e0 SAINT VIVIEN<strong>&nbsp;<\/strong>(Chantalle EPAUD)<\/p>\n\n\n\n<p><strong>Dimanche 25 Janvier&nbsp;<\/strong><\/p>\n\n\n\n<p><strong>10 H 30<\/strong>&nbsp;: Messe \u00e0 CHATELAILLON (G\u00e9rard MASSE, Alain SUIRE, Marie-Claude LAPLACE, Jean-Philippe BOURDEAU, Simone LANDVERLIN)<\/p>\n\n\n\n<p><strong>17h00<\/strong>&nbsp;: Concert \u00e0 l\u2019\u00e9glise de CHATELAILLON au profit d\u2019Entraide et Solidarit\u00e9. Musique espagnole et baroque avec la participation des \u00e9l\u00e8ves du Conservatoire<\/p>\n\n\n\n<p><strong>Lundi 26 Janvier<\/strong><\/p>\n\n\n\n<p><strong>14 H 30 :&nbsp;<\/strong>Rencontre Biblique \u00e0 la Salle Paroissiale d\u2019ANGOULINS, 8 Rue Personnat Th\u00e8me : \u00ab Le Bapt\u00eame du Christ \u00bb vu par diff\u00e9rents artistes<\/p>\n\n\n\n<p><\/p>\n\n\n\n<div style=\"height:100px\" aria-hidden=\"true\" class=\"wp-block-spacer\"><\/div>\n","protected":false},"excerpt":{"rendered":"<p>Samedi 17&nbsp;Janvier 14 H 00 :&nbsp;Rencontre de cat\u00e9chisme CE2\/CM \u00e0 SALLES SUR MER 16h30&nbsp;: Rencontre d\u2019Eveil \u00e0 la Foi \u00e0 la sacristie de l\u2019\u00e9glise de SALLES SUR MER 18 H [&hellip;]<\/p>\n","protected":false},"author":90,"featured_media":9499,"comment_status":"open","ping_status":"open","sticky":false,"template":"","format":"standard","meta":{"_et_pb_use_builder":"off","_et_pb_old_content":"","_et_gb_content_width":"","footnotes":""},"categories":[6,53],"tags":[],"class_list":["post-9647","post","type-post","status-publish","format-standard","has-post-thumbnail","hentry","category-actualite","category-annonces"],"_links":{"self":[{"href":"https:\/\/catholiques17.fr\/chatelaillon\/wp-json\/wp\/v2\/posts\/9647","targetHints":{"allow":["GET"]}}],"collection":[{"href":"https:\/\/catholiques17.fr\/chatelaillon\/wp-json\/wp\/v2\/posts"}],"about":[{"href":"https:\/\/catholiques17.fr\/chatelaillon\/wp-json\/wp\/v2\/types\/post"}],"author":[{"embeddable":true,"href":"https:\/\/catholiques17.fr\/chatelaillon\/wp-json\/wp\/v2\/users\/90"}],"replies":[{"embeddable":true,"href":"https:\/\/catholiques17.fr\/chatelaillon\/wp-json\/wp\/v2\/comments?post=9647"}],"version-history":[{"count":3,"href":"https:\/\/catholiques17.fr\/chatelaillon\/wp-json\/wp\/v2\/posts\/9647\/revisions"}],"predecessor-version":[{"id":9676,"href":"https:\/\/catholiques17.fr\/chatelaillon\/wp-json\/wp\/v2\/posts\/9647\/revisions\/9676"}],"wp:featuredmedia":[{"embeddable":true,"href":"https:\/\/catholiques17.fr\/chatelaillon\/wp-json\/wp\/v2\/media\/9499"}],"wp:attachment":[{"href":"https:\/\/catholiques17.fr\/chatelaillon\/wp-json\/wp\/v2\/media?parent=9647"}],"wp:term":[{"taxonomy":"category","embeddable":true,"href":"https:\/\/catholiques17.fr\/chatelaillon\/wp-json\/wp\/v2\/categories?post=9647"},{"taxonomy":"post_tag","embeddable":true,"href":"https:\/\/catholiques17.fr\/chatelaillon\/wp-json\/wp\/v2\/tags?post=9647"}],"curies":[{"name":"wp","href":"https:\/\/api.w.org\/{rel}","templated":true}]}}