{"id":9643,"date":"2026-01-14T14:26:02","date_gmt":"2026-01-14T13:26:02","guid":{"rendered":"https:\/\/catholiques17.fr\/chatelaillon\/?p=9643"},"modified":"2026-01-14T14:26:04","modified_gmt":"2026-01-14T13:26:04","slug":"entree-en-catechumenat","status":"publish","type":"post","link":"https:\/\/catholiques17.fr\/chatelaillon\/2026\/01\/14\/entree-en-catechumenat\/","title":{"rendered":"Entr\u00e9e en cat\u00e9chum\u00e9nat"},"content":{"rendered":"\n<p><\/p>\n\n\n\n<p><\/p>\n\n\n\n<p>Floriane, 24 ans, fera sont entr\u00e9e en cat\u00e9chum\u00e9nat lors de la messe dominicale de 10h30 \u00e0 l&rsquo;\u00e9glise Sainte Madeleine de Ch\u00e2telaillon. <\/p>\n\n\n\n<p>Cette premi\u00e8re \u00e9tape de la demande de bapt\u00eame sera suivie de trois autres \u00e9tapes, les scrutins, les 3\u00e8me, 4\u00e8me et 5\u00e8me dimanches de Car\u00eame. <\/p>\n\n\n\n<div style=\"height:60px\" aria-hidden=\"true\" class=\"wp-block-spacer\"><\/div>\n","protected":false},"excerpt":{"rendered":"<p>Floriane, 24 ans, fera sont entr\u00e9e en cat\u00e9chum\u00e9nat lors de la messe dominicale de 10h30 \u00e0 l&rsquo;\u00e9glise Sainte Madeleine de Ch\u00e2telaillon. Cette premi\u00e8re \u00e9tape de la demande de bapt\u00eame sera [&hellip;]<\/p>\n","protected":false},"author":90,"featured_media":9644,"comment_status":"open","ping_status":"open","sticky":false,"template":"","format":"standard","meta":{"_et_pb_use_builder":"off","_et_pb_old_content":"","_et_gb_content_width":"","footnotes":""},"categories":[6],"tags":[],"class_list":["post-9643","post","type-post","status-publish","format-standard","has-post-thumbnail","hentry","category-actualite"],"_links":{"self":[{"href":"https:\/\/catholiques17.fr\/chatelaillon\/wp-json\/wp\/v2\/posts\/9643","targetHints":{"allow":["GET"]}}],"collection":[{"href":"https:\/\/catholiques17.fr\/chatelaillon\/wp-json\/wp\/v2\/posts"}],"about":[{"href":"https:\/\/catholiques17.fr\/chatelaillon\/wp-json\/wp\/v2\/types\/post"}],"author":[{"embeddable":true,"href":"https:\/\/catholiques17.fr\/chatelaillon\/wp-json\/wp\/v2\/users\/90"}],"replies":[{"embeddable":true,"href":"https:\/\/catholiques17.fr\/chatelaillon\/wp-json\/wp\/v2\/comments?post=9643"}],"version-history":[{"count":1,"href":"https:\/\/catholiques17.fr\/chatelaillon\/wp-json\/wp\/v2\/posts\/9643\/revisions"}],"predecessor-version":[{"id":9645,"href":"https:\/\/catholiques17.fr\/chatelaillon\/wp-json\/wp\/v2\/posts\/9643\/revisions\/9645"}],"wp:featuredmedia":[{"embeddable":true,"href":"https:\/\/catholiques17.fr\/chatelaillon\/wp-json\/wp\/v2\/media\/9644"}],"wp:attachment":[{"href":"https:\/\/catholiques17.fr\/chatelaillon\/wp-json\/wp\/v2\/media?parent=9643"}],"wp:term":[{"taxonomy":"category","embeddable":true,"href":"https:\/\/catholiques17.fr\/chatelaillon\/wp-json\/wp\/v2\/categories?post=9643"},{"taxonomy":"post_tag","embeddable":true,"href":"https:\/\/catholiques17.fr\/chatelaillon\/wp-json\/wp\/v2\/tags?post=9643"}],"curies":[{"name":"wp","href":"https:\/\/api.w.org\/{rel}","templated":true}]}}