{"id":9591,"date":"2026-01-09T10:51:03","date_gmt":"2026-01-09T09:51:03","guid":{"rendered":"https:\/\/catholiques17.fr\/chatelaillon\/?p=9591"},"modified":"2026-01-09T10:51:05","modified_gmt":"2026-01-09T09:51:05","slug":"galette-des-rois","status":"publish","type":"post","link":"https:\/\/catholiques17.fr\/chatelaillon\/2026\/01\/09\/galette-des-rois\/","title":{"rendered":"Galette des Rois"},"content":{"rendered":"\n<p class=\"has-text-align-center has-medium-font-size\"><strong>Nous vous attendons nombreux pour participer \u00e0 ce moment de convivialit\u00e9 et d&rsquo;\u00e9change<\/strong><\/p>\n\n\n\n<p class=\"has-text-align-center has-medium-font-size\"><strong>f\u00e9d\u00e9rateur pour notre paroisse<\/strong><\/p>\n","protected":false},"excerpt":{"rendered":"<p>Nous vous attendons nombreux pour participer \u00e0 ce moment de convivialit\u00e9 et d&rsquo;\u00e9change f\u00e9d\u00e9rateur pour notre paroisse<\/p>\n","protected":false},"author":91,"featured_media":9592,"comment_status":"open","ping_status":"open","sticky":false,"template":"","format":"standard","meta":{"_et_pb_use_builder":"off","_et_pb_old_content":"","_et_gb_content_width":"","footnotes":""},"categories":[6],"tags":[],"class_list":["post-9591","post","type-post","status-publish","format-standard","has-post-thumbnail","hentry","category-actualite"],"_links":{"self":[{"href":"https:\/\/catholiques17.fr\/chatelaillon\/wp-json\/wp\/v2\/posts\/9591","targetHints":{"allow":["GET"]}}],"collection":[{"href":"https:\/\/catholiques17.fr\/chatelaillon\/wp-json\/wp\/v2\/posts"}],"about":[{"href":"https:\/\/catholiques17.fr\/chatelaillon\/wp-json\/wp\/v2\/types\/post"}],"author":[{"embeddable":true,"href":"https:\/\/catholiques17.fr\/chatelaillon\/wp-json\/wp\/v2\/users\/91"}],"replies":[{"embeddable":true,"href":"https:\/\/catholiques17.fr\/chatelaillon\/wp-json\/wp\/v2\/comments?post=9591"}],"version-history":[{"count":5,"href":"https:\/\/catholiques17.fr\/chatelaillon\/wp-json\/wp\/v2\/posts\/9591\/revisions"}],"predecessor-version":[{"id":9597,"href":"https:\/\/catholiques17.fr\/chatelaillon\/wp-json\/wp\/v2\/posts\/9591\/revisions\/9597"}],"wp:featuredmedia":[{"embeddable":true,"href":"https:\/\/catholiques17.fr\/chatelaillon\/wp-json\/wp\/v2\/media\/9592"}],"wp:attachment":[{"href":"https:\/\/catholiques17.fr\/chatelaillon\/wp-json\/wp\/v2\/media?parent=9591"}],"wp:term":[{"taxonomy":"category","embeddable":true,"href":"https:\/\/catholiques17.fr\/chatelaillon\/wp-json\/wp\/v2\/categories?post=9591"},{"taxonomy":"post_tag","embeddable":true,"href":"https:\/\/catholiques17.fr\/chatelaillon\/wp-json\/wp\/v2\/tags?post=9591"}],"curies":[{"name":"wp","href":"https:\/\/api.w.org\/{rel}","templated":true}]}}