{"id":9562,"date":"2026-01-07T16:34:38","date_gmt":"2026-01-07T15:34:38","guid":{"rendered":"https:\/\/catholiques17.fr\/chatelaillon\/?p=9562"},"modified":"2026-01-09T09:57:54","modified_gmt":"2026-01-09T08:57:54","slug":"samedi-prochain-messe-de-doyenne-de-la-plaine-daunis-presidee-par-mgr-bozo","status":"publish","type":"post","link":"https:\/\/catholiques17.fr\/chatelaillon\/2026\/01\/07\/samedi-prochain-messe-de-doyenne-de-la-plaine-daunis-presidee-par-mgr-bozo\/","title":{"rendered":"Samedi prochain, messe de Doyenn\u00e9 de la Plaine d&rsquo;Aunis Pr\u00e9sid\u00e9e par Mgr Bozo"},"content":{"rendered":"","protected":false},"excerpt":{"rendered":"","protected":false},"author":91,"featured_media":9463,"comment_status":"open","ping_status":"open","sticky":false,"template":"","format":"standard","meta":{"_et_pb_use_builder":"on","_et_pb_old_content":"","_et_gb_content_width":"","footnotes":""},"categories":[6],"tags":[],"class_list":["post-9562","post","type-post","status-publish","format-standard","has-post-thumbnail","hentry","category-actualite"],"_links":{"self":[{"href":"https:\/\/catholiques17.fr\/chatelaillon\/wp-json\/wp\/v2\/posts\/9562","targetHints":{"allow":["GET"]}}],"collection":[{"href":"https:\/\/catholiques17.fr\/chatelaillon\/wp-json\/wp\/v2\/posts"}],"about":[{"href":"https:\/\/catholiques17.fr\/chatelaillon\/wp-json\/wp\/v2\/types\/post"}],"author":[{"embeddable":true,"href":"https:\/\/catholiques17.fr\/chatelaillon\/wp-json\/wp\/v2\/users\/91"}],"replies":[{"embeddable":true,"href":"https:\/\/catholiques17.fr\/chatelaillon\/wp-json\/wp\/v2\/comments?post=9562"}],"version-history":[{"count":2,"href":"https:\/\/catholiques17.fr\/chatelaillon\/wp-json\/wp\/v2\/posts\/9562\/revisions"}],"predecessor-version":[{"id":9588,"href":"https:\/\/catholiques17.fr\/chatelaillon\/wp-json\/wp\/v2\/posts\/9562\/revisions\/9588"}],"wp:featuredmedia":[{"embeddable":true,"href":"https:\/\/catholiques17.fr\/chatelaillon\/wp-json\/wp\/v2\/media\/9463"}],"wp:attachment":[{"href":"https:\/\/catholiques17.fr\/chatelaillon\/wp-json\/wp\/v2\/media?parent=9562"}],"wp:term":[{"taxonomy":"category","embeddable":true,"href":"https:\/\/catholiques17.fr\/chatelaillon\/wp-json\/wp\/v2\/categories?post=9562"},{"taxonomy":"post_tag","embeddable":true,"href":"https:\/\/catholiques17.fr\/chatelaillon\/wp-json\/wp\/v2\/tags?post=9562"}],"curies":[{"name":"wp","href":"https:\/\/api.w.org\/{rel}","templated":true}]}}