{"id":9554,"date":"2026-01-05T16:30:13","date_gmt":"2026-01-05T15:30:13","guid":{"rendered":"https:\/\/catholiques17.fr\/chatelaillon\/?p=9554"},"modified":"2026-01-07T16:56:26","modified_gmt":"2026-01-07T15:56:26","slug":"intention-de-priere-du-pape-leon-xiv-janvier-2026","status":"publish","type":"post","link":"https:\/\/catholiques17.fr\/chatelaillon\/2026\/01\/05\/intention-de-priere-du-pape-leon-xiv-janvier-2026\/","title":{"rendered":"Intention de pri\u00e8re du Pape L\u00e9on XIV &#8211; janvier 2026"},"content":{"rendered":"\n<p><\/p>\n\n\n\n<div style=\"height:100px\" aria-hidden=\"true\" class=\"wp-block-spacer\"><\/div>\n\n\n\n<h2 class=\"wp-block-heading has-text-align-center\"><strong>\u00ab&nbsp;Prions pour que la pri\u00e8re, \u00e0 partir de la Parole de Dieu, nourrisse nos vies&nbsp;<\/strong><\/h2>\n\n\n\n<h2 class=\"wp-block-heading has-text-align-center\"><strong>et soit une source d\u2019esp\u00e9rance au sein de nos communaut\u00e9s,&nbsp;<\/strong><\/h2>\n\n\n\n<h2 class=\"wp-block-heading has-text-align-center\"><strong>nous aidant \u00e0 \u00e9difier une \u00c9glise plus fraternelle et missionnaire<\/strong>.&nbsp;\u00bb<\/h2>\n\n\n\n<p><\/p>\n\n\n\n<div style=\"height:100px\" aria-hidden=\"true\" class=\"wp-block-spacer\"><\/div>\n","protected":false},"excerpt":{"rendered":"<p>\u00ab&nbsp;Prions pour que la pri\u00e8re, \u00e0 partir de la Parole de Dieu, nourrisse nos vies&nbsp; et soit une source d\u2019esp\u00e9rance au sein de nos communaut\u00e9s,&nbsp; nous aidant \u00e0 \u00e9difier une [&hellip;]<\/p>\n","protected":false},"author":90,"featured_media":9555,"comment_status":"open","ping_status":"open","sticky":false,"template":"","format":"standard","meta":{"_et_pb_use_builder":"","_et_pb_old_content":"","_et_gb_content_width":"","footnotes":""},"categories":[6,19,51],"tags":[],"class_list":["post-9554","post","type-post","status-publish","format-standard","has-post-thumbnail","hentry","category-actualite","category-eglise-universelle","category-pape-leon-viv"],"_links":{"self":[{"href":"https:\/\/catholiques17.fr\/chatelaillon\/wp-json\/wp\/v2\/posts\/9554","targetHints":{"allow":["GET"]}}],"collection":[{"href":"https:\/\/catholiques17.fr\/chatelaillon\/wp-json\/wp\/v2\/posts"}],"about":[{"href":"https:\/\/catholiques17.fr\/chatelaillon\/wp-json\/wp\/v2\/types\/post"}],"author":[{"embeddable":true,"href":"https:\/\/catholiques17.fr\/chatelaillon\/wp-json\/wp\/v2\/users\/90"}],"replies":[{"embeddable":true,"href":"https:\/\/catholiques17.fr\/chatelaillon\/wp-json\/wp\/v2\/comments?post=9554"}],"version-history":[{"count":4,"href":"https:\/\/catholiques17.fr\/chatelaillon\/wp-json\/wp\/v2\/posts\/9554\/revisions"}],"predecessor-version":[{"id":9573,"href":"https:\/\/catholiques17.fr\/chatelaillon\/wp-json\/wp\/v2\/posts\/9554\/revisions\/9573"}],"wp:featuredmedia":[{"embeddable":true,"href":"https:\/\/catholiques17.fr\/chatelaillon\/wp-json\/wp\/v2\/media\/9555"}],"wp:attachment":[{"href":"https:\/\/catholiques17.fr\/chatelaillon\/wp-json\/wp\/v2\/media?parent=9554"}],"wp:term":[{"taxonomy":"category","embeddable":true,"href":"https:\/\/catholiques17.fr\/chatelaillon\/wp-json\/wp\/v2\/categories?post=9554"},{"taxonomy":"post_tag","embeddable":true,"href":"https:\/\/catholiques17.fr\/chatelaillon\/wp-json\/wp\/v2\/tags?post=9554"}],"curies":[{"name":"wp","href":"https:\/\/api.w.org\/{rel}","templated":true}]}}