{"id":9502,"date":"2025-12-24T13:51:08","date_gmt":"2025-12-24T12:51:08","guid":{"rendered":"https:\/\/catholiques17.fr\/chatelaillon\/?p=9502"},"modified":"2026-01-07T17:00:31","modified_gmt":"2026-01-07T16:00:31","slug":"message-de-noel-de-mgr-bozo","status":"publish","type":"post","link":"https:\/\/catholiques17.fr\/chatelaillon\/2025\/12\/24\/message-de-noel-de-mgr-bozo\/","title":{"rendered":"Message de No\u00ebl de Mgr Bozo"},"content":{"rendered":"\n<p><\/p>\n\n\n\n<p><\/p>\n\n\n\n<p id=\"isPasted\">Chers amis de Charente-Maritime, du dioc\u00e8se de La Rochelle,&nbsp;et puis aussi de Saint-Pierre-et-Miquelon,&nbsp;je suis heureux en ce jour de No\u00ebl de vous souhaiter une tr\u00e8s joyeuse f\u00eate.&nbsp;\u00c0 chacun de vous, \u00e0 vos familles,&nbsp;\u00e0 vos amis, \u00e0 tous ceux \u00e0 qui vous pensez en ce jour b\u00e9ni.<\/p>\n\n\n\n<p>Jour de joie pour la plupart d&rsquo;entre nous&nbsp;qui pourront \u00eatre r\u00e9unis&nbsp;dans nos familles,&nbsp;dans nos paroisses aussi pour la f\u00eate de No\u00ebl,&nbsp;pour la vigile de No\u00ebl ou le jour du 25 d\u00e9cembre.&nbsp;Et puis peut \u00eatre jour plus difficile \u00e0 vivre&nbsp;pour ceux qui sont seuls, ceux qui sont malades,&nbsp;ceux qui sont \u00e9prouv\u00e9s.&nbsp;Je pense aussi \u00e0 tous ceux qui sont dans les prisons.&nbsp;Nous avons pu c\u00e9l\u00e9brer une messe \u00e0 la prison de l&rsquo;\u00cele de R\u00e9 en particulier.&nbsp;Donc \u00e0 chacun, quelle que soit sa situation,&nbsp;je vous souhaite un tr\u00e8s joyeux No\u00ebl&nbsp;en cette fin de du jubil\u00e9 de l&rsquo;esp\u00e9rance.<\/p>\n\n\n\n<p>A Rome, on va fermer les portes des&nbsp;grandes basiliques majeures.&nbsp;Et puis dans notre dioc\u00e8se, le 4 janvier,&nbsp;nous fermerons aussi symboliquement&nbsp;la porte sainte \u00e0 la cath\u00e9drale.&nbsp;Mais si le jubil\u00e9 de l&rsquo;esp\u00e9rance se termine,&nbsp;\u00e9videmment, l&rsquo;esp\u00e9rance ne se termine pas, elle.&nbsp;Elle continue , elle rena\u00eet m\u00eame&nbsp;sp\u00e9cialement chaque fois que nous c\u00e9l\u00e9brons&nbsp;ce myst\u00e8re de No\u00ebl&nbsp;o\u00f9 c&rsquo;est toute l&rsquo;esp\u00e9rance&nbsp;du monde et pour le monde&nbsp;qui nous est donn\u00e9e dans dans ce petit enfant si fragile,&nbsp;si vuln\u00e9rable, remis entre nos mains.&nbsp;Dieu qui se remet entre nos mains.&nbsp;C&rsquo;est un myst\u00e8re auquel il ne faut pas nous habituer.&nbsp;Ce myst\u00e8re de No\u00ebl, ce myst\u00e8re de Dieu,&nbsp;le Tout-Autre, l&rsquo;Inconnaissable,&nbsp;le Tr\u00e8s-Haut qui se fait le Tout-Proche et le Tr\u00e8s-Bas,&nbsp;comme disait le regrett\u00e9 Christian Bobin.<\/p>\n\n\n\n<p>Il se fait proche de nous, non pas seulement pour venir nous dire qu&rsquo;Il pense \u00e0 nous, mais pr\u00e9cis\u00e9ment pour pour nous conduire ensemble vers son Royaume. Il se fait homme pour que nous soyons divinis\u00e9s. C&rsquo;est un myst\u00e8re sur lequel on n&rsquo;aura jamais fini de r\u00e9fl\u00e9chir. Qu&rsquo;on n&rsquo;aura jamais fini de contempler et que l&rsquo;\u00c9glise continue de nous donner, de redonner chaque ann\u00e9e. Alors je vous invite \u00e0 l&rsquo;accueillir avec un c\u0153ur plein de gratitude un c\u0153ur contemplatif, un c\u0153ur d&rsquo;enfant.&nbsp;<\/p>\n\n\n\n<p>Il faut que je pense, un c\u0153ur d&rsquo;enfant&nbsp;pour accueillir ce myst\u00e8re, ce miracle,&nbsp;on pourrait dire, de No\u00ebl :&nbsp;le Verbe qui se fait chair,&nbsp;Dieu qui vient nous visiter&nbsp;et qui vient du dedans,&nbsp;de l&rsquo;int\u00e9rieur de notre humanit\u00e9,&nbsp;nous renouveler et nous rendre une capacit\u00e9 d&rsquo;esp\u00e9rance.&nbsp;Dans un monde si fragilis\u00e9,&nbsp;si ab\u00eem\u00e9 par beaucoup de violence,&nbsp;beaucoup de remises en cause,&nbsp;une difficult\u00e9 \u00e0 faire la justice envers les plus pauvres en particulier.<\/p>\n\n\n\n<p>Que cette belle f\u00eate de No\u00ebl nous entra\u00eene sur le chemin de la vie chr\u00e9tienne&nbsp;avec une esp\u00e9rance renouvel\u00e9e.&nbsp;Je compte sur chacun de vous&nbsp;pour \u00eatre des t\u00e9moins de ce Verbe fait chair,&nbsp;pour savoir parler de Lui autour de vous&nbsp;et pour surtout \u00eatre capable&nbsp;d&rsquo;apporter sa Charit\u00e9,&nbsp;la Charit\u00e9 divine&nbsp;autour de ceux qui en ont le plus besoin.<\/p>\n\n\n\n<p>C&rsquo;est avec cette esp\u00e9rance que je vous&nbsp;souhaite un tr\u00e8s joyeux et tr\u00e8s saint No\u00ebl,&nbsp;en vous assurant de de ma pri\u00e8re et de ma b\u00e9n\u00e9diction.<\/p>\n\n\n\n<p class=\"has-text-align-right\">+ Pierre-Antoine Bozo<br>Ev\u00eaque coadjuteur de La Rochelle<\/p>\n\n\n\n<hr class=\"wp-block-separator has-alpha-channel-opacity\" \/>\n","protected":false},"excerpt":{"rendered":"<p>Chers amis de Charente-Maritime, du dioc\u00e8se de La Rochelle,&nbsp;et puis aussi de Saint-Pierre-et-Miquelon,&nbsp;je suis heureux en ce jour de No\u00ebl de vous souhaiter une tr\u00e8s joyeuse f\u00eate.&nbsp;\u00c0 chacun de vous, [&hellip;]<\/p>\n","protected":false},"author":90,"featured_media":9351,"comment_status":"open","ping_status":"open","sticky":false,"template":"","format":"standard","meta":{"_et_pb_use_builder":"off","_et_pb_old_content":"","_et_gb_content_width":"","footnotes":""},"categories":[6,18,28],"tags":[],"class_list":["post-9502","post","type-post","status-publish","format-standard","has-post-thumbnail","hentry","category-actualite","category-diocese","category-noel"],"_links":{"self":[{"href":"https:\/\/catholiques17.fr\/chatelaillon\/wp-json\/wp\/v2\/posts\/9502","targetHints":{"allow":["GET"]}}],"collection":[{"href":"https:\/\/catholiques17.fr\/chatelaillon\/wp-json\/wp\/v2\/posts"}],"about":[{"href":"https:\/\/catholiques17.fr\/chatelaillon\/wp-json\/wp\/v2\/types\/post"}],"author":[{"embeddable":true,"href":"https:\/\/catholiques17.fr\/chatelaillon\/wp-json\/wp\/v2\/users\/90"}],"replies":[{"embeddable":true,"href":"https:\/\/catholiques17.fr\/chatelaillon\/wp-json\/wp\/v2\/comments?post=9502"}],"version-history":[{"count":2,"href":"https:\/\/catholiques17.fr\/chatelaillon\/wp-json\/wp\/v2\/posts\/9502\/revisions"}],"predecessor-version":[{"id":9505,"href":"https:\/\/catholiques17.fr\/chatelaillon\/wp-json\/wp\/v2\/posts\/9502\/revisions\/9505"}],"wp:featuredmedia":[{"embeddable":true,"href":"https:\/\/catholiques17.fr\/chatelaillon\/wp-json\/wp\/v2\/media\/9351"}],"wp:attachment":[{"href":"https:\/\/catholiques17.fr\/chatelaillon\/wp-json\/wp\/v2\/media?parent=9502"}],"wp:term":[{"taxonomy":"category","embeddable":true,"href":"https:\/\/catholiques17.fr\/chatelaillon\/wp-json\/wp\/v2\/categories?post=9502"},{"taxonomy":"post_tag","embeddable":true,"href":"https:\/\/catholiques17.fr\/chatelaillon\/wp-json\/wp\/v2\/tags?post=9502"}],"curies":[{"name":"wp","href":"https:\/\/api.w.org\/{rel}","templated":true}]}}