{"id":9443,"date":"2025-12-08T15:52:01","date_gmt":"2025-12-08T14:52:01","guid":{"rendered":"https:\/\/catholiques17.fr\/chatelaillon\/?p=9443"},"modified":"2025-12-08T15:53:55","modified_gmt":"2025-12-08T14:53:55","slug":"messe-de-beatification-de-50-francais-martyrs","status":"publish","type":"post","link":"https:\/\/catholiques17.fr\/chatelaillon\/2025\/12\/08\/messe-de-beatification-de-50-francais-martyrs\/","title":{"rendered":"Messe de b\u00e9atification de 50 fran\u00e7ais martyrs"},"content":{"rendered":"\n<div style=\"height:46px\" aria-hidden=\"true\" class=\"wp-block-spacer\"><\/div>\n\n\n\n<p>L\u2019\u00c9glise catholique&nbsp;<a href=\"https:\/\/press.vatican.va\/content\/salastampa\/it\/bollettino\/pubblico\/2025\/06\/20\/0427\/00782.html\" target=\"_blank\" rel=\"noreferrer noopener\">a reconnu<\/a>, le vendredi 20 juin 2025, le&nbsp;<strong>martyr de 50 Fran\u00e7ais tu\u00e9s \u00ab en haine de la foi \u00bb,<\/strong>&nbsp;selon l\u2019expression technique, \u00ab en diff\u00e9rents lieux, dans le contexte de la m\u00eame pers\u00e9cution \u00bb, pendant l\u2019occupation nazie en France, entre 1944 et 1945.<strong>&nbsp;Ils seront b\u00e9atifi\u00e9s \u00e0 Paris, \u00e0 Notre-Dame, le samedi 13 d\u00e9cembre prochain \u00e0 14h30<\/strong>, annonce le dioc\u00e8se de Paris <\/p>\n\n\n\n<p><em>Source Dioc\u00e8se de Paris<\/em><\/p>\n\n\n\n<div style=\"height:50px\" aria-hidden=\"true\" class=\"wp-block-spacer\"><\/div>\n\n\n\n<div class=\"wp-block-buttons is-content-justification-center is-layout-flex wp-container-core-buttons-is-layout-16018d1d wp-block-buttons-is-layout-flex\">\n<div class=\"wp-block-button is-style-outline is-style-outline--1\"><a class=\"wp-block-button__link has-vivid-red-color has-white-background-color has-text-color has-background has-link-color wp-element-button\" href=\"https:\/\/www.ktotv.com\/video\/00458601\/beatification-des-martyrs-de-lapostolat-catholique-a-notre-dame-de-paris\" target=\"_blank\" rel=\"noreferrer noopener\">Suivre la messe en direct<\/a><\/div>\n<\/div>\n\n\n\n<div style=\"height:50px\" aria-hidden=\"true\" class=\"wp-block-spacer\"><\/div>\n","protected":false},"excerpt":{"rendered":"<p>L\u2019\u00c9glise catholique&nbsp;a reconnu, le vendredi 20 juin 2025, le&nbsp;martyr de 50 Fran\u00e7ais tu\u00e9s \u00ab en haine de la foi \u00bb,&nbsp;selon l\u2019expression technique, \u00ab en diff\u00e9rents lieux, dans le contexte de [&hellip;]<\/p>\n","protected":false},"author":91,"featured_media":9444,"comment_status":"open","ping_status":"open","sticky":false,"template":"","format":"standard","meta":{"_et_pb_use_builder":"off","_et_pb_old_content":"","_et_gb_content_width":"","footnotes":""},"categories":[6,19],"tags":[],"class_list":["post-9443","post","type-post","status-publish","format-standard","has-post-thumbnail","hentry","category-actualite","category-eglise-universelle"],"_links":{"self":[{"href":"https:\/\/catholiques17.fr\/chatelaillon\/wp-json\/wp\/v2\/posts\/9443","targetHints":{"allow":["GET"]}}],"collection":[{"href":"https:\/\/catholiques17.fr\/chatelaillon\/wp-json\/wp\/v2\/posts"}],"about":[{"href":"https:\/\/catholiques17.fr\/chatelaillon\/wp-json\/wp\/v2\/types\/post"}],"author":[{"embeddable":true,"href":"https:\/\/catholiques17.fr\/chatelaillon\/wp-json\/wp\/v2\/users\/91"}],"replies":[{"embeddable":true,"href":"https:\/\/catholiques17.fr\/chatelaillon\/wp-json\/wp\/v2\/comments?post=9443"}],"version-history":[{"count":5,"href":"https:\/\/catholiques17.fr\/chatelaillon\/wp-json\/wp\/v2\/posts\/9443\/revisions"}],"predecessor-version":[{"id":9450,"href":"https:\/\/catholiques17.fr\/chatelaillon\/wp-json\/wp\/v2\/posts\/9443\/revisions\/9450"}],"wp:featuredmedia":[{"embeddable":true,"href":"https:\/\/catholiques17.fr\/chatelaillon\/wp-json\/wp\/v2\/media\/9444"}],"wp:attachment":[{"href":"https:\/\/catholiques17.fr\/chatelaillon\/wp-json\/wp\/v2\/media?parent=9443"}],"wp:term":[{"taxonomy":"category","embeddable":true,"href":"https:\/\/catholiques17.fr\/chatelaillon\/wp-json\/wp\/v2\/categories?post=9443"},{"taxonomy":"post_tag","embeddable":true,"href":"https:\/\/catholiques17.fr\/chatelaillon\/wp-json\/wp\/v2\/tags?post=9443"}],"curies":[{"name":"wp","href":"https:\/\/api.w.org\/{rel}","templated":true}]}}