{"id":7407,"date":"2024-01-14T20:49:07","date_gmt":"2024-01-14T19:49:07","guid":{"rendered":"https:\/\/catholiques17.fr\/chatelaillon\/?p=7407"},"modified":"2024-01-14T21:03:02","modified_gmt":"2024-01-14T20:03:02","slug":"recherche-organiste","status":"publish","type":"post","link":"https:\/\/catholiques17.fr\/chatelaillon\/2024\/01\/14\/recherche-organiste\/","title":{"rendered":"Recherche organiste"},"content":{"rendered":"<p>[et_pb_section fb_built=\u00a0\u00bb1&Prime; _builder_version=\u00a0\u00bb4.17.6&Prime; _module_preset=\u00a0\u00bbdefault\u00a0\u00bb global_colors_info=\u00a0\u00bb{}\u00a0\u00bb theme_builder_area=\u00a0\u00bbpost_content\u00a0\u00bb][et_pb_row column_structure=\u00a0\u00bb1_2,1_2&Prime; _builder_version=\u00a0\u00bb4.17.6&Prime; _module_preset=\u00a0\u00bbdefault\u00a0\u00bb global_colors_info=\u00a0\u00bb{}\u00a0\u00bb theme_builder_area=\u00a0\u00bbpost_content\u00a0\u00bb][et_pb_column type=\u00a0\u00bb1_2&Prime; _builder_version=\u00a0\u00bb4.17.6&Prime; _module_preset=\u00a0\u00bbdefault\u00a0\u00bb global_colors_info=\u00a0\u00bb{}\u00a0\u00bb theme_builder_area=\u00a0\u00bbpost_content\u00a0\u00bb][et_pb_image src=\u00a0\u00bbhttps:\/\/catholiques17.fr\/chatelaillon\/wp-content\/uploads\/sites\/12\/2024\/01\/ORGANISTE.png\u00a0\u00bb title_text=\u00a0\u00bbORGANISTE\u00a0\u00bb _builder_version=\u00a0\u00bb4.21.0&Prime; _module_preset=\u00a0\u00bbdefault\u00a0\u00bb global_colors_info=\u00a0\u00bb{}\u00a0\u00bb theme_builder_area=\u00a0\u00bbpost_content\u00a0\u00bb][\/et_pb_image][\/et_pb_column][et_pb_column type=\u00a0\u00bb1_2&Prime; _builder_version=\u00a0\u00bb4.17.6&Prime; _module_preset=\u00a0\u00bbdefault\u00a0\u00bb global_colors_info=\u00a0\u00bb{}\u00a0\u00bb theme_builder_area=\u00a0\u00bbpost_content\u00a0\u00bb][et_pb_text _builder_version=\u00a0\u00bb4.21.0&Prime; _module_preset=\u00a0\u00bbdefault\u00a0\u00bb hover_enabled=\u00a0\u00bb0&Prime; global_colors_info=\u00a0\u00bb{}\u00a0\u00bb theme_builder_area=\u00a0\u00bbpost_content\u00a0\u00bb sticky_enabled=\u00a0\u00bb0&Prime;]<\/p>\n<h4 dir=\"auto\"><strong>Organiste b\u00e9n\u00e9vole<\/strong><\/h4>\n<div dir=\"auto\">\n<div dir=\"ltr\"><i>Notre organiste cherche un confr\u00e8re pour partager le travail avec elle : Messes dominicales et grandes f\u00eates.<\/i><\/div>\n<div dir=\"ltr\"><i><\/i><\/div>\n<div dir=\"ltr\"><i>L&rsquo;orgue de Ch\u00e2telaillon est un instrument modeste mais qui a \u00e9t\u00e9 bien restaur\u00e9 quand les grands travaux de l&rsquo;\u00e9glise ont \u00e9t\u00e9 r\u00e9alis\u00e9s en 2020.<br \/><\/i><\/div>\n<div dir=\"ltr\"><i>\u00a0<\/i><\/div>\n<div dir=\"ltr\"><i>Il s&rsquo;agit d&rsquo;un appel au b\u00e9n\u00e9volat, toutefois les frais de d\u00e9placement pourraient \u00eatre pris en charge par la paroisse.<\/i><\/div>\n<div dir=\"ltr\"><\/div>\n<div dir=\"ltr\"><\/div>\n<div dir=\"ltr\"><i>Renseignements aupr\u00e8s de Dominique de Belleville 06 86 82 34 41<\/i><\/div>\n<\/div>\n<p>[\/et_pb_text][\/et_pb_column][\/et_pb_row][\/et_pb_section]<\/p>\n","protected":false},"excerpt":{"rendered":"<p>Organiste b\u00e9n\u00e9vole Notre organiste cherche un confr\u00e8re pour partager le travail avec elle : Messes dominicales et grandes f\u00eates. L&rsquo;orgue de Ch\u00e2telaillon est un instrument modeste mais qui a \u00e9t\u00e9 [&hellip;]<\/p>\n","protected":false},"author":17,"featured_media":7408,"comment_status":"open","ping_status":"open","sticky":false,"template":"","format":"standard","meta":{"_et_pb_use_builder":"on","_et_pb_old_content":"","_et_gb_content_width":"","footnotes":""},"categories":[6,33],"tags":[],"class_list":["post-7407","post","type-post","status-publish","format-standard","has-post-thumbnail","hentry","category-actualite","category-paroisse"],"_links":{"self":[{"href":"https:\/\/catholiques17.fr\/chatelaillon\/wp-json\/wp\/v2\/posts\/7407","targetHints":{"allow":["GET"]}}],"collection":[{"href":"https:\/\/catholiques17.fr\/chatelaillon\/wp-json\/wp\/v2\/posts"}],"about":[{"href":"https:\/\/catholiques17.fr\/chatelaillon\/wp-json\/wp\/v2\/types\/post"}],"author":[{"embeddable":true,"href":"https:\/\/catholiques17.fr\/chatelaillon\/wp-json\/wp\/v2\/users\/17"}],"replies":[{"embeddable":true,"href":"https:\/\/catholiques17.fr\/chatelaillon\/wp-json\/wp\/v2\/comments?post=7407"}],"version-history":[{"count":4,"href":"https:\/\/catholiques17.fr\/chatelaillon\/wp-json\/wp\/v2\/posts\/7407\/revisions"}],"predecessor-version":[{"id":7414,"href":"https:\/\/catholiques17.fr\/chatelaillon\/wp-json\/wp\/v2\/posts\/7407\/revisions\/7414"}],"wp:featuredmedia":[{"embeddable":true,"href":"https:\/\/catholiques17.fr\/chatelaillon\/wp-json\/wp\/v2\/media\/7408"}],"wp:attachment":[{"href":"https:\/\/catholiques17.fr\/chatelaillon\/wp-json\/wp\/v2\/media?parent=7407"}],"wp:term":[{"taxonomy":"category","embeddable":true,"href":"https:\/\/catholiques17.fr\/chatelaillon\/wp-json\/wp\/v2\/categories?post=7407"},{"taxonomy":"post_tag","embeddable":true,"href":"https:\/\/catholiques17.fr\/chatelaillon\/wp-json\/wp\/v2\/tags?post=7407"}],"curies":[{"name":"wp","href":"https:\/\/api.w.org\/{rel}","templated":true}]}}