{"id":6583,"date":"2023-05-07T00:13:01","date_gmt":"2023-05-06T22:13:01","guid":{"rendered":"https:\/\/catholiques17.fr\/chatelaillon\/?p=6583"},"modified":"2023-05-07T00:22:22","modified_gmt":"2023-05-06T22:22:22","slug":"fleurissement-de-nos-eglises","status":"publish","type":"post","link":"https:\/\/catholiques17.fr\/chatelaillon\/2023\/05\/07\/fleurissement-de-nos-eglises\/","title":{"rendered":"Fleurissement de nos \u00e9glises"},"content":{"rendered":"<p>[et_pb_section fb_built=\u00a0\u00bb1&Prime; _builder_version=\u00a0\u00bb4.17.6&Prime; _module_preset=\u00a0\u00bbdefault\u00a0\u00bb global_colors_info=\u00a0\u00bb{}\u00a0\u00bb theme_builder_area=\u00a0\u00bbpost_content\u00a0\u00bb][et_pb_row column_structure=\u00a0\u00bb1_2,1_2&Prime; _builder_version=\u00a0\u00bb4.17.6&Prime; _module_preset=\u00a0\u00bbdefault\u00a0\u00bb global_colors_info=\u00a0\u00bb{}\u00a0\u00bb theme_builder_area=\u00a0\u00bbpost_content\u00a0\u00bb][et_pb_column type=\u00a0\u00bb1_2&Prime; _builder_version=\u00a0\u00bb4.17.6&Prime; _module_preset=\u00a0\u00bbdefault\u00a0\u00bb global_colors_info=\u00a0\u00bb{}\u00a0\u00bb theme_builder_area=\u00a0\u00bbpost_content\u00a0\u00bb][et_pb_image src=\u00a0\u00bbhttps:\/\/catholiques17.fr\/chatelaillon\/wp-content\/uploads\/sites\/12\/2023\/05\/beautiful-flowers-2126760_1280.jpg\u00a0\u00bb title_text=\u00a0\u00bbbeautiful-flowers-2126760_1280&Prime; _builder_version=\u00a0\u00bb4.17.6&Prime; _module_preset=\u00a0\u00bbdefault\u00a0\u00bb global_colors_info=\u00a0\u00bb{}\u00a0\u00bb theme_builder_area=\u00a0\u00bbpost_content\u00a0\u00bb][\/et_pb_image][\/et_pb_column][et_pb_column type=\u00a0\u00bb1_2&Prime; _builder_version=\u00a0\u00bb4.17.6&Prime; _module_preset=\u00a0\u00bbdefault\u00a0\u00bb global_colors_info=\u00a0\u00bb{}\u00a0\u00bb theme_builder_area=\u00a0\u00bbpost_content\u00a0\u00bb][et_pb_text _builder_version=\u00a0\u00bb4.17.6&Prime; _module_preset=\u00a0\u00bbdefault\u00a0\u00bb hover_enabled=\u00a0\u00bb0&Prime; global_colors_info=\u00a0\u00bb{}\u00a0\u00bb theme_builder_area=\u00a0\u00bbpost_content\u00a0\u00bb sticky_enabled=\u00a0\u00bb0&Prime;]<\/p>\n<div dir=\"auto\">Le fleurissement de nos \u00e9glises : un soin sp\u00e9cifique apport\u00e9 \u00e0 la beaut\u00e9 des lieux.<\/div>\n<div dir=\"auto\">Sur notre secteur, les d\u00e9corations florales sont r\u00e9alis\u00e9es par des petites mains b\u00e9n\u00e9voles qui se fournissent souvent en fleurs de saison de leurs propres jardins.<\/div>\n<div dir=\"auto\">Le temps des c\u00e9l\u00e9brations collectives arrive,\u00a0communions, professions de foi, confirmations, et le besoin en fleurs s\u2019accroit en cette p\u00e9riode.<\/div>\n<div dir=\"auto\">Une \u00e9glise fleurie en p\u00e9riode estivale est aussi un gage d\u2019accueil des visiteurs et <span><a><\/a><\/span>des paroissiens.<\/div>\n<div dir=\"auto\">Nous faisons donc appel \u00e0 vos dons en fleurs de vos jardins (ou en dons p\u00e9cuniers) \u00e0 l\u2019attention des personnes en charge de la d\u00e9coration florale.<\/div>\n<div dir=\"auto\">Consulter sur ce site l&rsquo;onglet \u00ab\u00a0Art floral liturgique\u00a0\u00bb sous \u00ab\u00a0Services paroissiaux\u00a0\u00bb.<\/div>\n<div dir=\"auto\">Merci pour votre g\u00e9n\u00e9rosit\u00e9.<\/div>\n<div dir=\"auto\"><\/div>\n<p>[\/et_pb_text][\/et_pb_column][\/et_pb_row][\/et_pb_section]<\/p>\n","protected":false},"excerpt":{"rendered":"<p>Le fleurissement de nos \u00e9glises : un soin sp\u00e9cifique apport\u00e9 \u00e0 la beaut\u00e9 des lieux. Sur notre secteur, les d\u00e9corations florales sont r\u00e9alis\u00e9es par des petites mains b\u00e9n\u00e9voles qui se [&hellip;]<\/p>\n","protected":false},"author":17,"featured_media":6586,"comment_status":"open","ping_status":"open","sticky":false,"template":"","format":"standard","meta":{"_et_pb_use_builder":"on","_et_pb_old_content":"","_et_gb_content_width":"","footnotes":""},"categories":[6,40,23],"tags":[],"class_list":["post-6583","post","type-post","status-publish","format-standard","has-post-thumbnail","hentry","category-actualite","category-celebrations","category-liturgie"],"_links":{"self":[{"href":"https:\/\/catholiques17.fr\/chatelaillon\/wp-json\/wp\/v2\/posts\/6583","targetHints":{"allow":["GET"]}}],"collection":[{"href":"https:\/\/catholiques17.fr\/chatelaillon\/wp-json\/wp\/v2\/posts"}],"about":[{"href":"https:\/\/catholiques17.fr\/chatelaillon\/wp-json\/wp\/v2\/types\/post"}],"author":[{"embeddable":true,"href":"https:\/\/catholiques17.fr\/chatelaillon\/wp-json\/wp\/v2\/users\/17"}],"replies":[{"embeddable":true,"href":"https:\/\/catholiques17.fr\/chatelaillon\/wp-json\/wp\/v2\/comments?post=6583"}],"version-history":[{"count":6,"href":"https:\/\/catholiques17.fr\/chatelaillon\/wp-json\/wp\/v2\/posts\/6583\/revisions"}],"predecessor-version":[{"id":6593,"href":"https:\/\/catholiques17.fr\/chatelaillon\/wp-json\/wp\/v2\/posts\/6583\/revisions\/6593"}],"wp:featuredmedia":[{"embeddable":true,"href":"https:\/\/catholiques17.fr\/chatelaillon\/wp-json\/wp\/v2\/media\/6586"}],"wp:attachment":[{"href":"https:\/\/catholiques17.fr\/chatelaillon\/wp-json\/wp\/v2\/media?parent=6583"}],"wp:term":[{"taxonomy":"category","embeddable":true,"href":"https:\/\/catholiques17.fr\/chatelaillon\/wp-json\/wp\/v2\/categories?post=6583"},{"taxonomy":"post_tag","embeddable":true,"href":"https:\/\/catholiques17.fr\/chatelaillon\/wp-json\/wp\/v2\/tags?post=6583"}],"curies":[{"name":"wp","href":"https:\/\/api.w.org\/{rel}","templated":true}]}}