{"id":4590,"date":"2021-02-22T09:52:00","date_gmt":"2021-02-22T08:52:00","guid":{"rendered":"https:\/\/catholiques17.fr\/chatelaillon\/?p=4590"},"modified":"2021-04-06T13:00:18","modified_gmt":"2021-04-06T11:00:18","slug":"leglise-de-chatelaillon-se-revele","status":"publish","type":"post","link":"https:\/\/catholiques17.fr\/chatelaillon\/2021\/02\/22\/leglise-de-chatelaillon-se-revele\/","title":{"rendered":"L\u2019eglise de Ch\u00e2telaillon se r\u00e9v\u00e8le"},"content":{"rendered":"\n<p><strong>D\u00e9couvrez l\u2019\u00e9glise Sainte Madeleine \u00e0 travers le livret \u00e9dit\u00e9 par la mairie de Ch\u00e2telaillon<\/strong><\/p>\n\n\n\n<p><a rel=\"noreferrer noopener\" href=\"http:\/\/v.calameo.com\/?bkcode=000378373a2dec226d1d9&amp;mode=mini\" target=\"_blank\">v.calameo.com\/?bkcode=000378373a2dec226d1d9&amp;mode=mini<\/a> <\/p>\n\n\n\n<figure class=\"wp-block-image size-large\"><img loading=\"lazy\" decoding=\"async\" width=\"800\" height=\"800\" src=\"https:\/\/catholiques17.fr\/chatelaillon\/wp-content\/uploads\/sites\/12\/2021\/03\/Eglise-Chatelaillon-2020.jpg\" alt=\"\" class=\"wp-image-4591\" srcset=\"https:\/\/catholiques17.fr\/chatelaillon\/wp-content\/uploads\/sites\/12\/2021\/03\/Eglise-Chatelaillon-2020.jpg 800w, https:\/\/catholiques17.fr\/chatelaillon\/wp-content\/uploads\/sites\/12\/2021\/03\/Eglise-Chatelaillon-2020-480x480.jpg 480w\" sizes=\"(min-width: 0px) and (max-width: 480px) 480px, (min-width: 481px) 800px, 100vw\" \/><\/figure>\n","protected":false},"excerpt":{"rendered":"<p>D\u00e9couvrez l\u2019\u00e9glise Sainte Madeleine \u00e0 travers le livret \u00e9dit\u00e9 par la mairie de Ch\u00e2telaillon v.calameo.com\/?bkcode=000378373a2dec226d1d9&amp;mode=mini<\/p>\n","protected":false},"author":17,"featured_media":4693,"comment_status":"open","ping_status":"open","sticky":false,"template":"","format":"standard","meta":{"_et_pb_use_builder":"off","_et_pb_old_content":"","_et_gb_content_width":"","footnotes":""},"categories":[6],"tags":[],"class_list":["post-4590","post","type-post","status-publish","format-standard","has-post-thumbnail","hentry","category-actualite"],"_links":{"self":[{"href":"https:\/\/catholiques17.fr\/chatelaillon\/wp-json\/wp\/v2\/posts\/4590","targetHints":{"allow":["GET"]}}],"collection":[{"href":"https:\/\/catholiques17.fr\/chatelaillon\/wp-json\/wp\/v2\/posts"}],"about":[{"href":"https:\/\/catholiques17.fr\/chatelaillon\/wp-json\/wp\/v2\/types\/post"}],"author":[{"embeddable":true,"href":"https:\/\/catholiques17.fr\/chatelaillon\/wp-json\/wp\/v2\/users\/17"}],"replies":[{"embeddable":true,"href":"https:\/\/catholiques17.fr\/chatelaillon\/wp-json\/wp\/v2\/comments?post=4590"}],"version-history":[{"count":1,"href":"https:\/\/catholiques17.fr\/chatelaillon\/wp-json\/wp\/v2\/posts\/4590\/revisions"}],"predecessor-version":[{"id":4592,"href":"https:\/\/catholiques17.fr\/chatelaillon\/wp-json\/wp\/v2\/posts\/4590\/revisions\/4592"}],"wp:featuredmedia":[{"embeddable":true,"href":"https:\/\/catholiques17.fr\/chatelaillon\/wp-json\/wp\/v2\/media\/4693"}],"wp:attachment":[{"href":"https:\/\/catholiques17.fr\/chatelaillon\/wp-json\/wp\/v2\/media?parent=4590"}],"wp:term":[{"taxonomy":"category","embeddable":true,"href":"https:\/\/catholiques17.fr\/chatelaillon\/wp-json\/wp\/v2\/categories?post=4590"},{"taxonomy":"post_tag","embeddable":true,"href":"https:\/\/catholiques17.fr\/chatelaillon\/wp-json\/wp\/v2\/tags?post=4590"}],"curies":[{"name":"wp","href":"https:\/\/api.w.org\/{rel}","templated":true}]}}