{"id":10608,"date":"2026-04-25T14:54:21","date_gmt":"2026-04-25T12:54:21","guid":{"rendered":"https:\/\/catholiques17.fr\/chatelaillon\/?p=10608"},"modified":"2026-04-25T14:54:55","modified_gmt":"2026-04-25T12:54:55","slug":"annonces-paroissiales-du-25-avril-au-3-mai-2026","status":"publish","type":"post","link":"https:\/\/catholiques17.fr\/chatelaillon\/2026\/04\/25\/annonces-paroissiales-du-25-avril-au-3-mai-2026\/","title":{"rendered":"Annonces paroissiales du 25 avril au 3 mai 2026"},"content":{"rendered":"\n<p><strong>Samedi 25 Avril<\/strong><\/p>\n\n\n\n<p><strong>11 h 00 :&nbsp;<\/strong>Rencontre de Cat\u00e9chisme CE1 \u00e0 la Salle Paroissiale de CHATELAILLON<\/p>\n\n\n\n<p><strong>14 H 00 :&nbsp;<\/strong>Rencontre de Cat\u00e9chisme CE\/CM \u00e0 SALLES SUR MER<\/p>\n\n\n\n<p><strong>16 H 00 :<\/strong>&nbsp;Mariage \u00e0 LA JARNE de Quentin DUBOIS et Cl\u00e9mentine L\u2019HOTE<\/p>\n\n\n\n<p><strong>16 H 30 :&nbsp;<\/strong>Rencontre d\u2019Eveil \u00e0 la Foi \u00e0 la Sacristie de SALLES SUR MER<\/p>\n\n\n\n<p><strong>17 H 00 :<\/strong>&nbsp;Rencontre de Cat\u00e9chisme CE2\/CM \u00e0 la Salle Paroissiale de CHATELAILLON<\/p>\n\n\n\n<p><strong>18 H 30&nbsp;<\/strong>: Messe \u00e0 SAINT VIVIEN (Lucien ROUCHER, Lucienne GUERIN, Jeannine SOUBILLEAU)<\/p>\n\n\n\n<p><strong>Dimanche 26 Avril<\/strong><\/p>\n\n\n\n<p><strong>9 H 45 :&nbsp;<\/strong>Rencontre de pr\u00e9paration \u00e0 la 1<sup>\u00e8re<\/sup>&nbsp;Communion \u00e0 la Salle Paroissiale de CHATELAILLON<\/p>\n\n\n\n<p><strong>10 H 30 :<\/strong>&nbsp;Messe \u00e0 CHATELAILLON (Andr\u00e9 et J\u00e9r\u00f4me LAMOUREUX, G\u00e9rard MARFANY et les d\u00e9funts de la famille, Thierry BOUCHER, Alexandre LAPLACE, Pascal ROSSI) \u2013 Pr\u00e9sence des Anciens combattants<\/p>\n\n\n\n<p><strong>18 H 00 :&nbsp;<\/strong>Concert de la Chorale Bien-\u00catre \u00e0 l\u2019\u00e9glise de CHATELAILLON<\/p>\n\n\n\n<p><strong>Lundi 27 Avril<\/strong><\/p>\n\n\n\n<p><strong>18 H 30 :&nbsp;<\/strong>R\u00e9union en vue de la pr\u00e9paration de la kermesse paroissiale \u00e0 la Salle Paroissiale de CHATELAILLON<\/p>\n\n\n\n<p><strong>Mardi 28 Avril<\/strong><\/p>\n\n\n\n<p><strong>10 H 00 :&nbsp;<\/strong>Obs\u00e8ques \u00e0 SAINT VIVIEN de Monsieur Christophe TRICHET<\/p>\n\n\n\n<p><strong>18 H 00 :&nbsp;<\/strong>Messe \u00e0 CHATELAILLON<\/p>\n\n\n\n<p><strong>Samedi 2 Mai<\/strong><\/p>\n\n\n\n<p><strong>18 H 30&nbsp;<\/strong>: Messe \u00e0 ANGOULINS (Monique et Guy FORESTIER, Rolande GUERIN, Jo\u00eblle MORIN, Lise LOISEAU, Josette LOISEAU, Yvon THOMELET)<\/p>\n\n\n\n<p><strong>Dimanche 3 Mai<\/strong><\/p>\n\n\n\n<p><strong>10 H 30 :<\/strong>&nbsp;Messe \u00e0 CHATELAILLON (Michel BILEAU)<\/p>\n\n\n\n<p><strong>11 H 30 :&nbsp;<\/strong>Bapt\u00eame de Timoth\u00e9e BARRAUX<\/p>\n","protected":false},"excerpt":{"rendered":"<p>Samedi 25 Avril 11 h 00 :&nbsp;Rencontre de Cat\u00e9chisme CE1 \u00e0 la Salle Paroissiale de CHATELAILLON 14 H 00 :&nbsp;Rencontre de Cat\u00e9chisme CE\/CM \u00e0 SALLES SUR MER 16 H 00 [&hellip;]<\/p>\n","protected":false},"author":91,"featured_media":9947,"comment_status":"open","ping_status":"open","sticky":false,"template":"","format":"standard","meta":{"_et_pb_use_builder":"off","_et_pb_old_content":"","_et_gb_content_width":"","footnotes":""},"categories":[6,53],"tags":[],"class_list":["post-10608","post","type-post","status-publish","format-standard","has-post-thumbnail","hentry","category-actualite","category-annonces"],"_links":{"self":[{"href":"https:\/\/catholiques17.fr\/chatelaillon\/wp-json\/wp\/v2\/posts\/10608","targetHints":{"allow":["GET"]}}],"collection":[{"href":"https:\/\/catholiques17.fr\/chatelaillon\/wp-json\/wp\/v2\/posts"}],"about":[{"href":"https:\/\/catholiques17.fr\/chatelaillon\/wp-json\/wp\/v2\/types\/post"}],"author":[{"embeddable":true,"href":"https:\/\/catholiques17.fr\/chatelaillon\/wp-json\/wp\/v2\/users\/91"}],"replies":[{"embeddable":true,"href":"https:\/\/catholiques17.fr\/chatelaillon\/wp-json\/wp\/v2\/comments?post=10608"}],"version-history":[{"count":1,"href":"https:\/\/catholiques17.fr\/chatelaillon\/wp-json\/wp\/v2\/posts\/10608\/revisions"}],"predecessor-version":[{"id":10609,"href":"https:\/\/catholiques17.fr\/chatelaillon\/wp-json\/wp\/v2\/posts\/10608\/revisions\/10609"}],"wp:featuredmedia":[{"embeddable":true,"href":"https:\/\/catholiques17.fr\/chatelaillon\/wp-json\/wp\/v2\/media\/9947"}],"wp:attachment":[{"href":"https:\/\/catholiques17.fr\/chatelaillon\/wp-json\/wp\/v2\/media?parent=10608"}],"wp:term":[{"taxonomy":"category","embeddable":true,"href":"https:\/\/catholiques17.fr\/chatelaillon\/wp-json\/wp\/v2\/categories?post=10608"},{"taxonomy":"post_tag","embeddable":true,"href":"https:\/\/catholiques17.fr\/chatelaillon\/wp-json\/wp\/v2\/tags?post=10608"}],"curies":[{"name":"wp","href":"https:\/\/api.w.org\/{rel}","templated":true}]}}