{"id":10569,"date":"2026-04-19T16:22:20","date_gmt":"2026-04-19T14:22:20","guid":{"rendered":"https:\/\/catholiques17.fr\/chatelaillon\/?p=10569"},"modified":"2026-04-19T16:26:50","modified_gmt":"2026-04-19T14:26:50","slug":"changement-dhoraires-du-secretariat-paroissial","status":"publish","type":"post","link":"https:\/\/catholiques17.fr\/chatelaillon\/2026\/04\/19\/changement-dhoraires-du-secretariat-paroissial\/","title":{"rendered":"Changement d&rsquo;horaires du Secr\u00e9tariat Paroissial de Chatelaillon"},"content":{"rendered":"\n<p class=\"has-text-align-center has-medium-font-size\">A compter du 20 avril 2026, les horaires de pr\u00e9sence de Nathalie OGIER changent. <\/p>\n\n\n\n<p class=\"has-text-align-center has-medium-font-size\">Le secr\u00e9tariat sera, d\u00e9sormais, assur\u00e9 le <strong>mardi et le jeudi de 9h00 \u00e0 13h00 uniquement<\/strong><\/p>\n","protected":false},"excerpt":{"rendered":"<p>A compter du 20 avril 2026, les horaires de pr\u00e9sence de Nathalie OGIER changent. Le secr\u00e9tariat sera, d\u00e9sormais, assur\u00e9 le mardi et le jeudi de 9h00 \u00e0 13h00 uniquement<\/p>\n","protected":false},"author":91,"featured_media":10570,"comment_status":"open","ping_status":"open","sticky":false,"template":"","format":"standard","meta":{"_et_pb_use_builder":"off","_et_pb_old_content":"","_et_gb_content_width":"","footnotes":""},"categories":[42,6,53,33],"tags":[],"class_list":["post-10569","post","type-post","status-publish","format-standard","has-post-thumbnail","hentry","category-accueil","category-actualite","category-annonces","category-paroisse"],"_links":{"self":[{"href":"https:\/\/catholiques17.fr\/chatelaillon\/wp-json\/wp\/v2\/posts\/10569","targetHints":{"allow":["GET"]}}],"collection":[{"href":"https:\/\/catholiques17.fr\/chatelaillon\/wp-json\/wp\/v2\/posts"}],"about":[{"href":"https:\/\/catholiques17.fr\/chatelaillon\/wp-json\/wp\/v2\/types\/post"}],"author":[{"embeddable":true,"href":"https:\/\/catholiques17.fr\/chatelaillon\/wp-json\/wp\/v2\/users\/91"}],"replies":[{"embeddable":true,"href":"https:\/\/catholiques17.fr\/chatelaillon\/wp-json\/wp\/v2\/comments?post=10569"}],"version-history":[{"count":5,"href":"https:\/\/catholiques17.fr\/chatelaillon\/wp-json\/wp\/v2\/posts\/10569\/revisions"}],"predecessor-version":[{"id":10577,"href":"https:\/\/catholiques17.fr\/chatelaillon\/wp-json\/wp\/v2\/posts\/10569\/revisions\/10577"}],"wp:featuredmedia":[{"embeddable":true,"href":"https:\/\/catholiques17.fr\/chatelaillon\/wp-json\/wp\/v2\/media\/10570"}],"wp:attachment":[{"href":"https:\/\/catholiques17.fr\/chatelaillon\/wp-json\/wp\/v2\/media?parent=10569"}],"wp:term":[{"taxonomy":"category","embeddable":true,"href":"https:\/\/catholiques17.fr\/chatelaillon\/wp-json\/wp\/v2\/categories?post=10569"},{"taxonomy":"post_tag","embeddable":true,"href":"https:\/\/catholiques17.fr\/chatelaillon\/wp-json\/wp\/v2\/tags?post=10569"}],"curies":[{"name":"wp","href":"https:\/\/api.w.org\/{rel}","templated":true}]}}