{"id":10527,"date":"2026-04-19T15:04:14","date_gmt":"2026-04-19T13:04:14","guid":{"rendered":"https:\/\/catholiques17.fr\/chatelaillon\/?p=10527"},"modified":"2026-04-19T15:04:16","modified_gmt":"2026-04-19T13:04:16","slug":"annonces-paroissiales-du-18-au-26-avril-2026","status":"publish","type":"post","link":"https:\/\/catholiques17.fr\/chatelaillon\/2026\/04\/19\/annonces-paroissiales-du-18-au-26-avril-2026\/","title":{"rendered":"Annonces Paroissiales du 18 au 26 avril 2026"},"content":{"rendered":"\n<p><strong>Samedi 18 Avril<\/strong><\/p>\n\n\n\n<p><strong>18 H 30&nbsp;<\/strong>: Messe \u00e0 SALLES SUR MER (Jeannine LIMET)<\/p>\n\n\n\n<p><strong>Dimanche 19 Avril<\/strong><\/p>\n\n\n\n<p><strong>10 H 30 :<\/strong>&nbsp;Messe \u00e0 CHATELAILLON (Pierre BELLUTEAU, Jean-Yves BOURHIS, Henri CONTENTIN)<\/p>\n\n\n\n<p><strong>11 H 30 :&nbsp;<\/strong>Bapt\u00eame d\u2019Andr\u00e9a LEON-HENRI<\/p>\n\n\n\n<p><strong>Lundi 20 Avril<\/strong><\/p>\n\n\n\n<p><strong>10 H 00 :&nbsp;<\/strong>Obs\u00e8ques \u00e0 CHATELAILLON de Monsieur Alexandre LAPLACE<\/p>\n\n\n\n<p><strong>Mardi 21 Avril<\/strong><\/p>\n\n\n\n<p><strong>15 H 00 :&nbsp;<\/strong>Obs\u00e8ques \u00e0 CHATELAILLON de Monsieur Thierry BOUCHER<\/p>\n\n\n\n<p><strong>18 H 00 :&nbsp;<\/strong>Messe \u00e0 CHATELAILLON<\/p>\n\n\n\n<p><strong>Mercredi 22 Avril<\/strong><\/p>\n\n\n\n<p><strong>11 H 00\/13 H 00 et 18 H 00\/20 H 00 :<\/strong>&nbsp;Permanence d\u2019accueil des parents qui demandent le bapt\u00eame de leur enfant \u00e0 l\u2019accueil du Presbyt\u00e8re de CHATELAILLON<\/p>\n\n\n\n<p><strong>Jeudi 23 Avril<\/strong><\/p>\n\n\n\n<p><strong>20 H 00 :&nbsp;<\/strong>Rencontre pr\u00e9paration bapt\u00eame \u00e0 la Salle Paroissiale de CHATELAILLON<strong><\/strong><\/p>\n\n\n\n<p><strong>Vendredi 24 Avril<\/strong><\/p>\n\n\n\n<p><strong>17 H 30 :&nbsp;<\/strong>Chapelet et Adoration Eucharistique \u00e0 LA JARNE<\/p>\n\n\n\n<p><strong>Samedi 25 Avril<\/strong><\/p>\n\n\n\n<p><strong>9 h 00 :&nbsp;<\/strong>Rencontre de Cat\u00e9chisme CE1 \u00e0 la Salle Paroissiale de CHATELAILLON<\/p>\n\n\n\n<p><strong>10 H 15 :<\/strong>&nbsp;Rencontre de Cat\u00e9chisme CE2\/CM \u00e0 la Salle Paroissiale de CHATELAILLON<\/p>\n\n\n\n<p><strong>14 H 00 :&nbsp;<\/strong>Rencontre de Cat\u00e9chisme CE\/CM \u00e0 SALLES SUR MER<\/p>\n\n\n\n<p><strong>16 H 00 :<\/strong>&nbsp;Mariage \u00e0 LA JARNE de Quentin DUBOIS et Cl\u00e9mentine L\u2019HOTE<\/p>\n\n\n\n<p><strong>16 H 30 :&nbsp;<\/strong>Rencontre d\u2019Eveil \u00e0 la Foi \u00e0 la Sacristie de SALLES SUR MER<\/p>\n\n\n\n<p><strong>18 H 30&nbsp;<\/strong>: Messe \u00e0 SAINT VIVIEN (Lucien ROUCHER, Lucienne GUERIN, Jeannine SOUBILLEAU)<\/p>\n\n\n\n<p><strong>Dimanche 26 Avril<\/strong><\/p>\n\n\n\n<p><strong>9 H 45 :&nbsp;<\/strong>Rencontre de pr\u00e9paration \u00e0 la 1<sup>\u00e8re<\/sup>&nbsp;Communion \u00e0 la Salle Paroissiale de CHATELAILLON<\/p>\n\n\n\n<p><strong>10 H 30 :<\/strong>&nbsp;Messe \u00e0 CHATELAILLON (Andr\u00e9 et J\u00e9r\u00f4me LAMOUREUX, G\u00e9rard MARFANY et les d\u00e9funts de la famille, Thierry BOUCHER, Alexandre LAPLACE) &#8211; pr\u00e9sence des anciens combattants<\/p>\n\n\n\n<p><strong>18 H 00 :&nbsp;<\/strong>Concert de la Chorale Bien-\u00catre \u00e0 l\u2019\u00e9glise de CHATELAILLON<\/p>\n","protected":false},"excerpt":{"rendered":"<p>Samedi 18 Avril 18 H 30&nbsp;: Messe \u00e0 SALLES SUR MER (Jeannine LIMET) Dimanche 19 Avril 10 H 30 :&nbsp;Messe \u00e0 CHATELAILLON (Pierre BELLUTEAU, Jean-Yves BOURHIS, Henri CONTENTIN) 11 H [&hellip;]<\/p>\n","protected":false},"author":91,"featured_media":9947,"comment_status":"open","ping_status":"open","sticky":false,"template":"","format":"standard","meta":{"_et_pb_use_builder":"off","_et_pb_old_content":"","_et_gb_content_width":"","footnotes":""},"categories":[6,53],"tags":[],"class_list":["post-10527","post","type-post","status-publish","format-standard","has-post-thumbnail","hentry","category-actualite","category-annonces"],"_links":{"self":[{"href":"https:\/\/catholiques17.fr\/chatelaillon\/wp-json\/wp\/v2\/posts\/10527","targetHints":{"allow":["GET"]}}],"collection":[{"href":"https:\/\/catholiques17.fr\/chatelaillon\/wp-json\/wp\/v2\/posts"}],"about":[{"href":"https:\/\/catholiques17.fr\/chatelaillon\/wp-json\/wp\/v2\/types\/post"}],"author":[{"embeddable":true,"href":"https:\/\/catholiques17.fr\/chatelaillon\/wp-json\/wp\/v2\/users\/91"}],"replies":[{"embeddable":true,"href":"https:\/\/catholiques17.fr\/chatelaillon\/wp-json\/wp\/v2\/comments?post=10527"}],"version-history":[{"count":1,"href":"https:\/\/catholiques17.fr\/chatelaillon\/wp-json\/wp\/v2\/posts\/10527\/revisions"}],"predecessor-version":[{"id":10528,"href":"https:\/\/catholiques17.fr\/chatelaillon\/wp-json\/wp\/v2\/posts\/10527\/revisions\/10528"}],"wp:featuredmedia":[{"embeddable":true,"href":"https:\/\/catholiques17.fr\/chatelaillon\/wp-json\/wp\/v2\/media\/9947"}],"wp:attachment":[{"href":"https:\/\/catholiques17.fr\/chatelaillon\/wp-json\/wp\/v2\/media?parent=10527"}],"wp:term":[{"taxonomy":"category","embeddable":true,"href":"https:\/\/catholiques17.fr\/chatelaillon\/wp-json\/wp\/v2\/categories?post=10527"},{"taxonomy":"post_tag","embeddable":true,"href":"https:\/\/catholiques17.fr\/chatelaillon\/wp-json\/wp\/v2\/tags?post=10527"}],"curies":[{"name":"wp","href":"https:\/\/api.w.org\/{rel}","templated":true}]}}