{"id":10517,"date":"2026-04-10T10:30:13","date_gmt":"2026-04-10T08:30:13","guid":{"rendered":"https:\/\/catholiques17.fr\/chatelaillon\/?p=10517"},"modified":"2026-04-10T10:30:13","modified_gmt":"2026-04-10T08:30:13","slug":"annonces-paroissiales-du-11-au-19-avril-2026","status":"publish","type":"post","link":"https:\/\/catholiques17.fr\/chatelaillon\/2026\/04\/10\/annonces-paroissiales-du-11-au-19-avril-2026\/","title":{"rendered":"Annonces paroissiales du 11 au 19 avril 2026"},"content":{"rendered":"\n<p><strong>Samedi 11 Avril<\/strong><\/p>\n\n\n\n<p><strong>18 H 30 :&nbsp;<\/strong>Messe \u00e0 LA JARNE \u2013 Qu\u00eate pour l\u2019Hospitalit\u00e9 Dioc\u00e9saine \u00e0 l\u2019issue de la messe (Marin VOISIN)<\/p>\n\n\n\n<p><strong>Dimanche 12 Avril<\/strong><\/p>\n\n\n\n<p><strong>10 H 30<\/strong>&nbsp;: Messe \u00e0 CHATELAILLON \u2013 Qu\u00eate pour l\u2019Hospitalit\u00e9 Dioc\u00e9saine \u00e0 l\u2019issue de la messe (Andr\u00e9 THOMAS, Daniel FERRE, G\u00e9rard LIAGRE et sa famille, Jean MARTINET, Francine RIVOAL)<\/p>\n\n\n\n<p><strong>11 H 30 :<\/strong>&nbsp;Bapt\u00eame de No\u00e9 DESBONNETS<\/p>\n\n\n\n<p><strong>17 H 00 :<\/strong>&nbsp;Concert de musique classique \u00e0 l\u2019\u00e9glise de CHATELAILLON (Dominique de BELLEVILLE)<\/p>\n\n\n\n<p><strong>Lundi 13 Avril<\/strong><\/p>\n\n\n\n<p><strong>10 H 00 :&nbsp;<\/strong>S\u00e9pulture \u00e0 SAINT VIVIEN de Madame Rolande GUERIN<\/p>\n\n\n\n<p><strong>Mardi 14 Avril<\/strong><\/p>\n\n\n\n<p><strong>18 H 00 :&nbsp;<\/strong>Messe \u00e0 CHATELAILLON<\/p>\n\n\n\n<p><strong>Mercredi 15 Avril<\/strong><\/p>\n\n\n\n<p><strong>10 H 30 :&nbsp;<\/strong>Obs\u00e8ques \u00e0 CHATELAILLON de Monsieur Henri COUTETIN<\/p>\n\n\n\n<p><strong>15H 00 :<\/strong>&nbsp;Obs\u00e8ques \u00e0 LA JARNE DE Madame Marie-Lucile GRASSAGLIATTA<\/p>\n\n\n\n<p><strong>Jeudi 16 Avril<\/strong><\/p>\n\n\n\n<p><strong>10 H 00 :<\/strong>&nbsp;Obs\u00e8ques \u00e0 SAINT VIVIEN de Madame Jeannine SOUBILLEAU<\/p>\n\n\n\n<p><strong>Vendredi 17 Avril<\/strong><\/p>\n\n\n\n<p><strong>15 H 00 :&nbsp;<\/strong>Obs\u00e8ques \u00e0 ANGOULINS de Madame Lise LOISEAU<\/p>\n\n\n\n<p><strong>17 H 30 :&nbsp;<\/strong>Chapelet et Adoration Eucharistique \u00e0 LA JARNE<\/p>\n\n\n\n<p><strong>Samedi 18 Avril<\/strong><\/p>\n\n\n\n<p><strong>18 H 30&nbsp;<\/strong>: Messe \u00e0 SALLES SUR MER (Madame Jeannine LIMET)<\/p>\n\n\n\n<p><strong>Dimanche 19 Avril<\/strong><\/p>\n\n\n\n<p><strong>10 H 30 :<\/strong>&nbsp;Messe \u00e0 CHATELAILLON (Pierre BELLUTEAU, Jean-Yves BOURHIS, Henri CONTENTIN)<\/p>\n\n\n\n<p><strong>11 H 30 :&nbsp;<\/strong>Bapt\u00eame d\u2019Andr\u00e9a LEON-HENRI<\/p>\n","protected":false},"excerpt":{"rendered":"<p>Samedi 11 Avril 18 H 30 :&nbsp;Messe \u00e0 LA JARNE \u2013 Qu\u00eate pour l\u2019Hospitalit\u00e9 Dioc\u00e9saine \u00e0 l\u2019issue de la messe (Marin VOISIN) Dimanche 12 Avril 10 H 30&nbsp;: Messe \u00e0 [&hellip;]<\/p>\n","protected":false},"author":91,"featured_media":9947,"comment_status":"open","ping_status":"open","sticky":false,"template":"","format":"standard","meta":{"_et_pb_use_builder":"off","_et_pb_old_content":"","_et_gb_content_width":"","footnotes":""},"categories":[6],"tags":[],"class_list":["post-10517","post","type-post","status-publish","format-standard","has-post-thumbnail","hentry","category-actualite"],"_links":{"self":[{"href":"https:\/\/catholiques17.fr\/chatelaillon\/wp-json\/wp\/v2\/posts\/10517","targetHints":{"allow":["GET"]}}],"collection":[{"href":"https:\/\/catholiques17.fr\/chatelaillon\/wp-json\/wp\/v2\/posts"}],"about":[{"href":"https:\/\/catholiques17.fr\/chatelaillon\/wp-json\/wp\/v2\/types\/post"}],"author":[{"embeddable":true,"href":"https:\/\/catholiques17.fr\/chatelaillon\/wp-json\/wp\/v2\/users\/91"}],"replies":[{"embeddable":true,"href":"https:\/\/catholiques17.fr\/chatelaillon\/wp-json\/wp\/v2\/comments?post=10517"}],"version-history":[{"count":1,"href":"https:\/\/catholiques17.fr\/chatelaillon\/wp-json\/wp\/v2\/posts\/10517\/revisions"}],"predecessor-version":[{"id":10518,"href":"https:\/\/catholiques17.fr\/chatelaillon\/wp-json\/wp\/v2\/posts\/10517\/revisions\/10518"}],"wp:featuredmedia":[{"embeddable":true,"href":"https:\/\/catholiques17.fr\/chatelaillon\/wp-json\/wp\/v2\/media\/9947"}],"wp:attachment":[{"href":"https:\/\/catholiques17.fr\/chatelaillon\/wp-json\/wp\/v2\/media?parent=10517"}],"wp:term":[{"taxonomy":"category","embeddable":true,"href":"https:\/\/catholiques17.fr\/chatelaillon\/wp-json\/wp\/v2\/categories?post=10517"},{"taxonomy":"post_tag","embeddable":true,"href":"https:\/\/catholiques17.fr\/chatelaillon\/wp-json\/wp\/v2\/tags?post=10517"}],"curies":[{"name":"wp","href":"https:\/\/api.w.org\/{rel}","templated":true}]}}