{"id":10487,"date":"2026-04-08T18:10:43","date_gmt":"2026-04-08T16:10:43","guid":{"rendered":"https:\/\/catholiques17.fr\/chatelaillon\/?p=10487"},"modified":"2026-04-08T18:11:32","modified_gmt":"2026-04-08T16:11:32","slug":"dimanche-de-la-misericorde","status":"publish","type":"post","link":"https:\/\/catholiques17.fr\/chatelaillon\/2026\/04\/08\/dimanche-de-la-misericorde\/","title":{"rendered":"Dimanche de la Mis\u00e9ricorde"},"content":{"rendered":"\n<p><\/p>\n\n\n\n<p><\/p>\n\n\n\n<p>Le dimanche apr\u00e8s P\u00e2ques est le&nbsp;<strong>Dimanche de la&nbsp;<\/strong><a href=\"https:\/\/eglise.catholique.fr\/glossaire\/misericorde\/\"><strong>Mis\u00e9ricorde<\/strong><\/a>. C\u2019est saint Jean Paul II qui institua cette f\u00eate en 2000 le jour de la canonisation de sainte Faustine (1905-1938), religieuse et mystique polonaise. Le Christ \u00e9tait apparu de nombreuses fois \u00e0 sainte Faustine et lui avait dit&nbsp;<em>:\u00ab&nbsp;La F\u00eate de la&nbsp;<\/em><a href=\"https:\/\/eglise.catholique.fr\/glossaire\/misericorde\/\"><em>Mis\u00e9ricorde<\/em><\/a><em>&nbsp;est issue de mes entrailles, je d\u00e9sire qu\u2019elle soit f\u00eat\u00e9e solennellement le premier<\/em>&nbsp;<em>dimanche apr\u00e8s P\u00e2ques<\/em>&nbsp;\u00bb.&nbsp;<\/p>\n\n\n\n<p>Cette ann\u00e9e<strong>&nbsp;elle a lieu le dimanche 12 avril. &nbsp;<\/strong><\/p>\n\n\n\n<p><\/p>\n\n\n\n<p>Les soeurs Missionnaires de La Jarrie propose une journ\u00e9e de pri\u00e8re, repas partag\u00e9 et \u00ab\u00a0causerie\u00a0\u00bb Proph\u00e8tes de mis\u00e9ricorde dimanche 12 avril de 10h \u00e0 16h. <\/p>\n\n\n\n<p>Rendez-vous \u00e0 l&rsquo;\u00e9glise de La Jarrie. <\/p>\n\n\n\n<p><\/p>\n\n\n\n<p><\/p>\n","protected":false},"excerpt":{"rendered":"<p>Le dimanche apr\u00e8s P\u00e2ques est le&nbsp;Dimanche de la&nbsp;Mis\u00e9ricorde. C\u2019est saint Jean Paul II qui institua cette f\u00eate en 2000 le jour de la canonisation de sainte Faustine (1905-1938), religieuse et [&hellip;]<\/p>\n","protected":false},"author":90,"featured_media":10489,"comment_status":"open","ping_status":"open","sticky":false,"template":"","format":"standard","meta":{"_et_pb_use_builder":"off","_et_pb_old_content":"","_et_gb_content_width":"","footnotes":""},"categories":[6],"tags":[],"class_list":["post-10487","post","type-post","status-publish","format-standard","has-post-thumbnail","hentry","category-actualite"],"_links":{"self":[{"href":"https:\/\/catholiques17.fr\/chatelaillon\/wp-json\/wp\/v2\/posts\/10487","targetHints":{"allow":["GET"]}}],"collection":[{"href":"https:\/\/catholiques17.fr\/chatelaillon\/wp-json\/wp\/v2\/posts"}],"about":[{"href":"https:\/\/catholiques17.fr\/chatelaillon\/wp-json\/wp\/v2\/types\/post"}],"author":[{"embeddable":true,"href":"https:\/\/catholiques17.fr\/chatelaillon\/wp-json\/wp\/v2\/users\/90"}],"replies":[{"embeddable":true,"href":"https:\/\/catholiques17.fr\/chatelaillon\/wp-json\/wp\/v2\/comments?post=10487"}],"version-history":[{"count":3,"href":"https:\/\/catholiques17.fr\/chatelaillon\/wp-json\/wp\/v2\/posts\/10487\/revisions"}],"predecessor-version":[{"id":10491,"href":"https:\/\/catholiques17.fr\/chatelaillon\/wp-json\/wp\/v2\/posts\/10487\/revisions\/10491"}],"wp:featuredmedia":[{"embeddable":true,"href":"https:\/\/catholiques17.fr\/chatelaillon\/wp-json\/wp\/v2\/media\/10489"}],"wp:attachment":[{"href":"https:\/\/catholiques17.fr\/chatelaillon\/wp-json\/wp\/v2\/media?parent=10487"}],"wp:term":[{"taxonomy":"category","embeddable":true,"href":"https:\/\/catholiques17.fr\/chatelaillon\/wp-json\/wp\/v2\/categories?post=10487"},{"taxonomy":"post_tag","embeddable":true,"href":"https:\/\/catholiques17.fr\/chatelaillon\/wp-json\/wp\/v2\/tags?post=10487"}],"curies":[{"name":"wp","href":"https:\/\/api.w.org\/{rel}","templated":true}]}}