{"id":10476,"date":"2026-04-05T17:04:24","date_gmt":"2026-04-05T15:04:24","guid":{"rendered":"https:\/\/catholiques17.fr\/chatelaillon\/?p=10476"},"modified":"2026-04-05T17:04:26","modified_gmt":"2026-04-05T15:04:26","slug":"triduum-pascal","status":"publish","type":"post","link":"https:\/\/catholiques17.fr\/chatelaillon\/2026\/04\/05\/triduum-pascal\/","title":{"rendered":"Triduum Pascal"},"content":{"rendered":"\n<p><\/p>\n\n\n\n<p><\/p>\n\n\n\n<p>Mot latin signifiant \u00ab un espace de trois jours \u00bb, le Triduum pascal, qui va de la&nbsp;<a href=\"https:\/\/eglise.catholique.fr\/glossaire\/messe\/\">messe<\/a>&nbsp;du soir le&nbsp;<a href=\"https:\/\/eglise.catholique.fr\/glossaire\/jeudi-saint\/\">Jeudi Saint<\/a>&nbsp;au dimanche de&nbsp;<a href=\"https:\/\/eglise.catholique.fr\/approfondir-sa-foi\/la-celebration-de-la-foi\/les-grandes-fetes-chretiennes\/careme-et-paques\/semaine-sainte-paques\/\">P\u00e2ques<\/a>&nbsp;inclus, est le centre de gravit\u00e9 de l\u2019ann\u00e9e liturgique.<\/p>\n\n\n\n<p>De la C\u00e8ne \u00e0 la&nbsp;<a href=\"https:\/\/eglise.catholique.fr\/glossaire\/resurrection\/\">R\u00e9surrection<\/a>&nbsp;s\u2019\u00e9coulent ces trois jours auxquels le Seigneur a souvent fait allusion dans l\u2019\u00c9vangile et qui, ensemble, constituent le&nbsp;<a href=\"https:\/\/eglise.catholique.fr\/glossaire\/mystere\/\">Myst\u00e8re<\/a>&nbsp;pascal.<\/p>\n\n\n\n<p>Lors de la derni\u00e8re C\u00e8ne, J\u00e9sus a offert son Corps et son Sang en nourriture \u00e0 ses Ap\u00f4tres. La c\u00e9l\u00e9bration du&nbsp;<a href=\"https:\/\/eglise.catholique.fr\/glossaire\/jeudi-saint\/\">Jeudi Saint<\/a>&nbsp;fait m\u00e9moire du Lavement des pieds, qui a la m\u00eame signification que l\u2019<a href=\"https:\/\/eglise.catholique.fr\/glossaire\/eucharistie\/\">Eucharistie<\/a>&nbsp;: J\u00e9sus est venu pour se faire serviteur et offrir sa vie.<\/p>\n\n\n\n<p>Dans la&nbsp;<a href=\"https:\/\/eglise.catholique.fr\/glossaire\/liturgie\/\">liturgie<\/a>&nbsp;du Vendredi Saint, nous m\u00e9ditons le&nbsp;<a href=\"https:\/\/eglise.catholique.fr\/glossaire\/mystere\/\">myst\u00e8re<\/a>&nbsp;de la mort du Christ et nous adorons la Croix, sur laquelle l\u2019\u0153uvre du salut est accomplie.<\/p>\n\n\n\n<p>Suite \u00e0 ce combat victorieux, l\u2019\u00c9glise contemple le Christ au tombeau, dans le \u00ab repos \u00bb du Samedi Saint. Elle est comme Marie, parfaite croyante qui conserva la foi et qui esp\u00e9ra contre toute&nbsp;<a href=\"https:\/\/eglise.catholique.fr\/glossaire\/esperance\/\">esp\u00e9rance<\/a>&nbsp;en la&nbsp;<a href=\"https:\/\/eglise.catholique.fr\/glossaire\/resurrection\/\">r\u00e9surrection<\/a>&nbsp;de J\u00e9sus.<\/p>\n\n\n\n<p>Apr\u00e8s la longue veille dans l\u2019obscurit\u00e9 de la Vigile pascale, l\u2019All\u00e9luia de la&nbsp;<a href=\"https:\/\/eglise.catholique.fr\/glossaire\/resurrection\/\">r\u00e9surrection<\/a>retentit de nouveau. Le feu de l\u2019amour de Dieu illumine la nuit : le Christ a vaincu la mort, et nous avec lui.<\/p>\n\n\n\n<p class=\"has-text-align-right\">Source : Conf\u00e9rence des \u00e9v\u00eaques de France <\/p>\n\n\n\n<p><\/p>\n\n\n\n<p>Le Triduum Pascal sur la paroisse de Ch\u00e2telaillon <\/p>\n\n\n\n<p><\/p>\n\n\n\n<p>Jeudi Saint \u00e0 La Jarne <\/p>\n\n\n\n<figure class=\"wp-block-image size-full\"><img loading=\"lazy\" decoding=\"async\" width=\"800\" height=\"591\" src=\"https:\/\/catholiques17.fr\/chatelaillon\/wp-content\/uploads\/sites\/12\/2026\/04\/Jeudi-Saint-a-La-Jarne-.jpg\" alt=\"\" class=\"wp-image-10478\" srcset=\"https:\/\/catholiques17.fr\/chatelaillon\/wp-content\/uploads\/sites\/12\/2026\/04\/Jeudi-Saint-a-La-Jarne-.jpg 800w, https:\/\/catholiques17.fr\/chatelaillon\/wp-content\/uploads\/sites\/12\/2026\/04\/Jeudi-Saint-a-La-Jarne--480x355.jpg 480w\" sizes=\"(min-width: 0px) and (max-width: 480px) 480px, (min-width: 481px) 800px, 100vw\" \/><\/figure>\n\n\n\n<p><\/p>\n\n\n\n<p><strong>Vendredi Saint <\/strong><\/p>\n\n\n\n<p><strong>Chemin de Croix \u00e0 Angoulins et Messe de La Passion \u00e0 La Jarne <\/strong><\/p>\n\n\n\n<figure class=\"wp-block-gallery has-nested-images columns-default is-cropped wp-block-gallery-1 is-layout-flex wp-block-gallery-is-layout-flex\">\n<figure class=\"wp-block-image size-large\"><img loading=\"lazy\" decoding=\"async\" width=\"800\" height=\"544\" data-id=\"10479\" src=\"https:\/\/catholiques17.fr\/chatelaillon\/wp-content\/uploads\/sites\/12\/2026\/04\/Chemin-de-croix-a-Angoulins.jpg\" alt=\"\" class=\"wp-image-10479\" srcset=\"https:\/\/catholiques17.fr\/chatelaillon\/wp-content\/uploads\/sites\/12\/2026\/04\/Chemin-de-croix-a-Angoulins.jpg 800w, https:\/\/catholiques17.fr\/chatelaillon\/wp-content\/uploads\/sites\/12\/2026\/04\/Chemin-de-croix-a-Angoulins-480x326.jpg 480w\" sizes=\"(min-width: 0px) and (max-width: 480px) 480px, (min-width: 481px) 800px, 100vw\" \/><\/figure>\n\n\n\n<figure class=\"wp-block-image size-large\"><img loading=\"lazy\" decoding=\"async\" width=\"370\" height=\"800\" data-id=\"10480\" src=\"https:\/\/catholiques17.fr\/chatelaillon\/wp-content\/uploads\/sites\/12\/2026\/04\/Vendredi-Saint-a-La-Jarne-.jpg\" alt=\"\" class=\"wp-image-10480\" srcset=\"https:\/\/catholiques17.fr\/chatelaillon\/wp-content\/uploads\/sites\/12\/2026\/04\/Vendredi-Saint-a-La-Jarne-.jpg 370w, https:\/\/catholiques17.fr\/chatelaillon\/wp-content\/uploads\/sites\/12\/2026\/04\/Vendredi-Saint-a-La-Jarne--139x300.jpg 139w\" sizes=\"(max-width: 370px) 100vw, 370px\" \/><\/figure>\n<\/figure>\n\n\n\n<p><\/p>\n\n\n\n<p><strong>Vigile Pascale<\/strong> \u00e0 Angoulins <\/p>\n\n\n\n<figure class=\"wp-block-gallery has-nested-images columns-default is-cropped wp-block-gallery-2 is-layout-flex wp-block-gallery-is-layout-flex\">\n<figure class=\"wp-block-image size-large\"><img loading=\"lazy\" decoding=\"async\" width=\"800\" height=\"370\" data-id=\"10482\" src=\"https:\/\/catholiques17.fr\/chatelaillon\/wp-content\/uploads\/sites\/12\/2026\/04\/20260404_210005.jpeg\" alt=\"\" class=\"wp-image-10482\" srcset=\"https:\/\/catholiques17.fr\/chatelaillon\/wp-content\/uploads\/sites\/12\/2026\/04\/20260404_210005.jpeg 800w, https:\/\/catholiques17.fr\/chatelaillon\/wp-content\/uploads\/sites\/12\/2026\/04\/20260404_210005-480x222.jpeg 480w\" sizes=\"(min-width: 0px) and (max-width: 480px) 480px, (min-width: 481px) 800px, 100vw\" \/><\/figure>\n\n\n\n<figure class=\"wp-block-image size-large\"><img loading=\"lazy\" decoding=\"async\" width=\"370\" height=\"800\" data-id=\"10483\" src=\"https:\/\/catholiques17.fr\/chatelaillon\/wp-content\/uploads\/sites\/12\/2026\/04\/20260404_205500.jpeg\" alt=\"\" class=\"wp-image-10483\" srcset=\"https:\/\/catholiques17.fr\/chatelaillon\/wp-content\/uploads\/sites\/12\/2026\/04\/20260404_205500.jpeg 370w, https:\/\/catholiques17.fr\/chatelaillon\/wp-content\/uploads\/sites\/12\/2026\/04\/20260404_205500-139x300.jpeg 139w\" sizes=\"(max-width: 370px) 100vw, 370px\" \/><\/figure>\n\n\n\n<figure class=\"wp-block-image size-large\"><img loading=\"lazy\" decoding=\"async\" width=\"370\" height=\"800\" data-id=\"10484\" src=\"https:\/\/catholiques17.fr\/chatelaillon\/wp-content\/uploads\/sites\/12\/2026\/04\/20260404_205921.jpeg\" alt=\"\" class=\"wp-image-10484\" srcset=\"https:\/\/catholiques17.fr\/chatelaillon\/wp-content\/uploads\/sites\/12\/2026\/04\/20260404_205921.jpeg 370w, https:\/\/catholiques17.fr\/chatelaillon\/wp-content\/uploads\/sites\/12\/2026\/04\/20260404_205921-139x300.jpeg 139w\" sizes=\"(max-width: 370px) 100vw, 370px\" \/><\/figure>\n\n\n\n<figure class=\"wp-block-image size-large\"><img loading=\"lazy\" decoding=\"async\" width=\"370\" height=\"800\" data-id=\"10485\" src=\"https:\/\/catholiques17.fr\/chatelaillon\/wp-content\/uploads\/sites\/12\/2026\/04\/20260404_205458.jpeg\" alt=\"\" class=\"wp-image-10485\" srcset=\"https:\/\/catholiques17.fr\/chatelaillon\/wp-content\/uploads\/sites\/12\/2026\/04\/20260404_205458.jpeg 370w, https:\/\/catholiques17.fr\/chatelaillon\/wp-content\/uploads\/sites\/12\/2026\/04\/20260404_205458-139x300.jpeg 139w\" sizes=\"(max-width: 370px) 100vw, 370px\" \/><\/figure>\n<\/figure>\n\n\n","protected":false},"excerpt":{"rendered":"<p>Mot latin signifiant \u00ab un espace de trois jours \u00bb, le Triduum pascal, qui va de la&nbsp;messe&nbsp;du soir le&nbsp;Jeudi Saint&nbsp;au dimanche de&nbsp;P\u00e2ques&nbsp;inclus, est le centre de gravit\u00e9 de l\u2019ann\u00e9e liturgique. [&hellip;]<\/p>\n","protected":false},"author":90,"featured_media":10477,"comment_status":"open","ping_status":"open","sticky":false,"template":"","format":"standard","meta":{"_et_pb_use_builder":"off","_et_pb_old_content":"","_et_gb_content_width":"","footnotes":""},"categories":[6],"tags":[],"class_list":["post-10476","post","type-post","status-publish","format-standard","has-post-thumbnail","hentry","category-actualite"],"_links":{"self":[{"href":"https:\/\/catholiques17.fr\/chatelaillon\/wp-json\/wp\/v2\/posts\/10476","targetHints":{"allow":["GET"]}}],"collection":[{"href":"https:\/\/catholiques17.fr\/chatelaillon\/wp-json\/wp\/v2\/posts"}],"about":[{"href":"https:\/\/catholiques17.fr\/chatelaillon\/wp-json\/wp\/v2\/types\/post"}],"author":[{"embeddable":true,"href":"https:\/\/catholiques17.fr\/chatelaillon\/wp-json\/wp\/v2\/users\/90"}],"replies":[{"embeddable":true,"href":"https:\/\/catholiques17.fr\/chatelaillon\/wp-json\/wp\/v2\/comments?post=10476"}],"version-history":[{"count":2,"href":"https:\/\/catholiques17.fr\/chatelaillon\/wp-json\/wp\/v2\/posts\/10476\/revisions"}],"predecessor-version":[{"id":10486,"href":"https:\/\/catholiques17.fr\/chatelaillon\/wp-json\/wp\/v2\/posts\/10476\/revisions\/10486"}],"wp:featuredmedia":[{"embeddable":true,"href":"https:\/\/catholiques17.fr\/chatelaillon\/wp-json\/wp\/v2\/media\/10477"}],"wp:attachment":[{"href":"https:\/\/catholiques17.fr\/chatelaillon\/wp-json\/wp\/v2\/media?parent=10476"}],"wp:term":[{"taxonomy":"category","embeddable":true,"href":"https:\/\/catholiques17.fr\/chatelaillon\/wp-json\/wp\/v2\/categories?post=10476"},{"taxonomy":"post_tag","embeddable":true,"href":"https:\/\/catholiques17.fr\/chatelaillon\/wp-json\/wp\/v2\/tags?post=10476"}],"curies":[{"name":"wp","href":"https:\/\/api.w.org\/{rel}","templated":true}]}}