{"id":10436,"date":"2026-04-02T16:39:22","date_gmt":"2026-04-02T14:39:22","guid":{"rendered":"https:\/\/catholiques17.fr\/chatelaillon\/?p=10436"},"modified":"2026-04-02T16:39:23","modified_gmt":"2026-04-02T14:39:23","slug":"annonces-paroissiales-du-4-au-12-avril-2026","status":"publish","type":"post","link":"https:\/\/catholiques17.fr\/chatelaillon\/2026\/04\/02\/annonces-paroissiales-du-4-au-12-avril-2026\/","title":{"rendered":"Annonces Paroissiales du 4 au 12 avril 2026"},"content":{"rendered":"\n<p><\/p>\n\n\n\n<p><strong>Samedi 4 Avril<\/strong><\/p>\n\n\n\n<p><strong>21 H 00 :<\/strong>&nbsp;Vigile Pascale \u00e0 ANGOULINS \u2013 Bapt\u00eame de Floriane SENNELIER (Famille MONNET, Jacqueline et Roger MADURAUD)<\/p>\n\n\n\n<p><strong>Dimanche 5 Avril<\/strong><\/p>\n\n\n\n<p><strong>10 H 30 :<\/strong>&nbsp;Messe de la R\u00e9surrection du Seigneur \u00e0 CHATELAILLON durant laquelle seront c\u00e9l\u00e9br\u00e9s les bapt\u00eames d\u2019A\u00ebline THIVENT et Elyna PAROT (Famille BARREAU, Famille GILLARDEAU, Famille ADAM, Famille MEHAUT-GODET Henriette)<\/p>\n\n\n\n<p><strong>Mardi 7 Avril<\/strong><\/p>\n\n\n\n<p><strong>14 H 30 :&nbsp;<\/strong>Obs\u00e8ques \u00e0 CHATELAILLON de Monsieur Daniel FERE\u00b0<\/p>\n\n\n\n<p><em>Pas de messe \u00e0 CHATELAILLON<\/em><\/p>\n\n\n\n<p><strong>Jeudi 9 Avril<\/strong><\/p>\n\n\n\n<p><strong>10 H 00 :<\/strong>&nbsp;Obs\u00e8ques \u00e0 ANGOULINS de Madame Jo\u00eblle MORIN<\/p>\n\n\n\n<p><strong>Vendredi 10 Avril<\/strong><\/p>\n\n\n\n<p><strong>17 H 30 :&nbsp;<\/strong>Chapelet suivi de l\u2019Adoration Eucharistique \u00e0 LA JARNE<\/p>\n\n\n\n<p><strong>Samedi 11 Avril<\/strong><\/p>\n\n\n\n<p><strong>18 H 30 :&nbsp;<\/strong>Messe \u00e0 LA JARNE \u2013 Qu\u00eate pour l\u2019Hospitalit\u00e9 Dioc\u00e9saine \u00e0 l\u2019issue de la messe (Marin VOISIN)<\/p>\n\n\n\n<p><strong>Dimanche 12 Avril<\/strong><\/p>\n\n\n\n<p><strong>10 H 30<\/strong>&nbsp;: Messe \u00e0 CHATELAILLON \u2013 Qu\u00eate pour l\u2019Hospitalit\u00e9 Dioc\u00e9saine \u00e0 l\u2019issue de la messe (Andr\u00e9 THOMAS, Daniel FERE)<\/p>\n\n\n\n<p><strong>11 H 30 :<\/strong>&nbsp;Bapt\u00eame de No\u00e9 DESBONNETS<\/p>\n\n\n\n<p><strong>17 H 00 :<\/strong>&nbsp;Concert de musique classique \u00e0 l\u2019\u00e9glise de CHATELAILLON (Dominique de BELLEVILLE)<\/p>\n","protected":false},"excerpt":{"rendered":"<p>Samedi 4 Avril 21 H 00 :&nbsp;Vigile Pascale \u00e0 ANGOULINS \u2013 Bapt\u00eame de Floriane SENNELIER (Famille MONNET, Jacqueline et Roger MADURAUD) Dimanche 5 Avril 10 H 30 :&nbsp;Messe de la [&hellip;]<\/p>\n","protected":false},"author":91,"featured_media":9947,"comment_status":"open","ping_status":"open","sticky":false,"template":"","format":"standard","meta":{"_et_pb_use_builder":"off","_et_pb_old_content":"","_et_gb_content_width":"","footnotes":""},"categories":[6],"tags":[],"class_list":["post-10436","post","type-post","status-publish","format-standard","has-post-thumbnail","hentry","category-actualite"],"_links":{"self":[{"href":"https:\/\/catholiques17.fr\/chatelaillon\/wp-json\/wp\/v2\/posts\/10436","targetHints":{"allow":["GET"]}}],"collection":[{"href":"https:\/\/catholiques17.fr\/chatelaillon\/wp-json\/wp\/v2\/posts"}],"about":[{"href":"https:\/\/catholiques17.fr\/chatelaillon\/wp-json\/wp\/v2\/types\/post"}],"author":[{"embeddable":true,"href":"https:\/\/catholiques17.fr\/chatelaillon\/wp-json\/wp\/v2\/users\/91"}],"replies":[{"embeddable":true,"href":"https:\/\/catholiques17.fr\/chatelaillon\/wp-json\/wp\/v2\/comments?post=10436"}],"version-history":[{"count":1,"href":"https:\/\/catholiques17.fr\/chatelaillon\/wp-json\/wp\/v2\/posts\/10436\/revisions"}],"predecessor-version":[{"id":10437,"href":"https:\/\/catholiques17.fr\/chatelaillon\/wp-json\/wp\/v2\/posts\/10436\/revisions\/10437"}],"wp:featuredmedia":[{"embeddable":true,"href":"https:\/\/catholiques17.fr\/chatelaillon\/wp-json\/wp\/v2\/media\/9947"}],"wp:attachment":[{"href":"https:\/\/catholiques17.fr\/chatelaillon\/wp-json\/wp\/v2\/media?parent=10436"}],"wp:term":[{"taxonomy":"category","embeddable":true,"href":"https:\/\/catholiques17.fr\/chatelaillon\/wp-json\/wp\/v2\/categories?post=10436"},{"taxonomy":"post_tag","embeddable":true,"href":"https:\/\/catholiques17.fr\/chatelaillon\/wp-json\/wp\/v2\/tags?post=10436"}],"curies":[{"name":"wp","href":"https:\/\/api.w.org\/{rel}","templated":true}]}}