{"id":10421,"date":"2026-03-29T11:57:29","date_gmt":"2026-03-29T09:57:29","guid":{"rendered":"https:\/\/catholiques17.fr\/chatelaillon\/?p=10421"},"modified":"2026-04-01T11:45:21","modified_gmt":"2026-04-01T09:45:21","slug":"dimanche-des-rameaux","status":"publish","type":"post","link":"https:\/\/catholiques17.fr\/chatelaillon\/2026\/03\/29\/dimanche-des-rameaux\/","title":{"rendered":"Dimanche des Rameaux"},"content":{"rendered":"\n<p><\/p>\n\n\n\n<p><\/p>\n\n\n\n<p><\/p>\n\n\n\n<p><\/p>\n\n\n\n<p>Six jours avant la f\u00eate de la P\u00e2que juive, J\u00e9sus vient \u00e0 J\u00e9rusalem. La foule l\u2019acclame lors de son entr\u00e9e dans la ville. Elle a tapiss\u00e9 le sol de manteaux et de&nbsp;<a href=\"https:\/\/eglise.catholique.fr\/glossaire\/rameaux\/\">rameaux<\/a>&nbsp;verts, formant comme un chemin royal en son honneur.&nbsp;<strong>&gt; En 2026, le dimanche des&nbsp;<a href=\"https:\/\/eglise.catholique.fr\/glossaire\/rameaux\/\">Rameaux<\/a>&nbsp;est f\u00eat\u00e9 le 29 mars . &lt;&nbsp;<\/strong><\/p>\n\n\n\n<p>C\u2019est en m\u00e9moire de ce jour que les catholiques portent des&nbsp;<a href=\"https:\/\/eglise.catholique.fr\/glossaire\/rameaux\/\">rameaux<\/a>&nbsp;(de buis, d\u2019olivier, de laurier ou de palmier, selon les r\u00e9gions. Ces&nbsp;<a href=\"https:\/\/eglise.catholique.fr\/glossaire\/rameaux\/\">rameaux<\/a>, une fois b\u00e9nis, sont tenus en main par les fid\u00e8les qui se mettent en marche, en procession : marche vers&nbsp;<a href=\"https:\/\/eglise.catholique.fr\/approfondir-sa-foi\/la-celebration-de-la-foi\/les-grandes-fetes-chretiennes\/careme-et-paques\/semaine-sainte-paques\/\">P\u00e2ques<\/a>&nbsp;du peuple de Dieu \u00e0 la suite du Christ.<\/p>\n\n\n\n<blockquote class=\"wp-block-quote is-layout-flow wp-block-quote-is-layout-flow\">\n<p><em>La foule nombreuse venue pour la f\u00eate apprit que J\u00e9sus venait \u00e0 J\u00e9rusalem ; ils prirent les&nbsp;<a href=\"https:\/\/eglise.catholique.fr\/glossaire\/rameaux\/\">rameaux<\/a>&nbsp;des palmiers et sortirent \u00e0 sa rencontre et ils criaient : Hosanna ! B\u00e9ni soit celui qui vient au nom du Seigneur !<\/em><\/p>\n<\/blockquote>\n\n\n\n<figure class=\"wp-block-image aligncenter size-full\"><img loading=\"lazy\" decoding=\"async\" width=\"358\" height=\"800\" src=\"https:\/\/catholiques17.fr\/chatelaillon\/wp-content\/uploads\/sites\/12\/2026\/03\/Rameaux-.jpg\" alt=\"\" class=\"wp-image-10426\" srcset=\"https:\/\/catholiques17.fr\/chatelaillon\/wp-content\/uploads\/sites\/12\/2026\/03\/Rameaux-.jpg 358w, https:\/\/catholiques17.fr\/chatelaillon\/wp-content\/uploads\/sites\/12\/2026\/03\/Rameaux--134x300.jpg 134w\" sizes=\"(max-width: 358px) 100vw, 358px\" \/><\/figure>\n\n\n\n<p>Ces paroles sont chant\u00e9es comme antienne d\u2019ouverture au lieu o\u00f9 les fid\u00e8les se sont r\u00e9unis : apr\u00e8s une br\u00e8ve allocution, le c\u00e9l\u00e9brant b\u00e9nit les&nbsp;<a href=\"https:\/\/eglise.catholique.fr\/glossaire\/rameaux\/\">rameaux<\/a>&nbsp;et l\u2019on lit le r\u00e9cit \u00e9vang\u00e9lique de l\u2019entr\u00e9e messianique de J\u00e9sus avant de se rendre en procession jusqu\u2019\u00e0 l\u2019\u00e9glise.<\/p>\n\n\n\n<p>La tradition chr\u00e9tienne veut que l\u2019on emporte, apr\u00e8s la&nbsp;<a href=\"https:\/\/eglise.catholique.fr\/glossaire\/messe\/\">messe<\/a>, les&nbsp;<a href=\"https:\/\/eglise.catholique.fr\/glossaire\/rameaux\/\">rameaux<\/a>&nbsp;b\u00e9nis, pour en orner les croix dans les maisons : geste de v\u00e9n\u00e9ration et de confiance envers le Crucifi\u00e9.<\/p>\n","protected":false},"excerpt":{"rendered":"<p>Six jours avant la f\u00eate de la P\u00e2que juive, J\u00e9sus vient \u00e0 J\u00e9rusalem. La foule l\u2019acclame lors de son entr\u00e9e dans la ville. Elle a tapiss\u00e9 le sol de manteaux [&hellip;]<\/p>\n","protected":false},"author":90,"featured_media":10422,"comment_status":"open","ping_status":"open","sticky":false,"template":"","format":"standard","meta":{"_et_pb_use_builder":"off","_et_pb_old_content":"","_et_gb_content_width":"","footnotes":""},"categories":[6,46],"tags":[],"class_list":["post-10421","post","type-post","status-publish","format-standard","has-post-thumbnail","hentry","category-actualite","category-paques"],"_links":{"self":[{"href":"https:\/\/catholiques17.fr\/chatelaillon\/wp-json\/wp\/v2\/posts\/10421","targetHints":{"allow":["GET"]}}],"collection":[{"href":"https:\/\/catholiques17.fr\/chatelaillon\/wp-json\/wp\/v2\/posts"}],"about":[{"href":"https:\/\/catholiques17.fr\/chatelaillon\/wp-json\/wp\/v2\/types\/post"}],"author":[{"embeddable":true,"href":"https:\/\/catholiques17.fr\/chatelaillon\/wp-json\/wp\/v2\/users\/90"}],"replies":[{"embeddable":true,"href":"https:\/\/catholiques17.fr\/chatelaillon\/wp-json\/wp\/v2\/comments?post=10421"}],"version-history":[{"count":2,"href":"https:\/\/catholiques17.fr\/chatelaillon\/wp-json\/wp\/v2\/posts\/10421\/revisions"}],"predecessor-version":[{"id":10427,"href":"https:\/\/catholiques17.fr\/chatelaillon\/wp-json\/wp\/v2\/posts\/10421\/revisions\/10427"}],"wp:featuredmedia":[{"embeddable":true,"href":"https:\/\/catholiques17.fr\/chatelaillon\/wp-json\/wp\/v2\/media\/10422"}],"wp:attachment":[{"href":"https:\/\/catholiques17.fr\/chatelaillon\/wp-json\/wp\/v2\/media?parent=10421"}],"wp:term":[{"taxonomy":"category","embeddable":true,"href":"https:\/\/catholiques17.fr\/chatelaillon\/wp-json\/wp\/v2\/categories?post=10421"},{"taxonomy":"post_tag","embeddable":true,"href":"https:\/\/catholiques17.fr\/chatelaillon\/wp-json\/wp\/v2\/tags?post=10421"}],"curies":[{"name":"wp","href":"https:\/\/api.w.org\/{rel}","templated":true}]}}