{"id":10146,"date":"2026-03-15T15:08:23","date_gmt":"2026-03-15T14:08:23","guid":{"rendered":"https:\/\/catholiques17.fr\/chatelaillon\/?p=10146"},"modified":"2026-03-16T10:45:53","modified_gmt":"2026-03-16T09:45:53","slug":"les-scrutins","status":"publish","type":"post","link":"https:\/\/catholiques17.fr\/chatelaillon\/2026\/03\/15\/les-scrutins\/","title":{"rendered":"Les scrutins"},"content":{"rendered":"\n<p><\/p>\n\n\n\n<p><\/p>\n\n\n\n<p><strong>Avant leur&nbsp;<\/strong><a href=\"https:\/\/liturgie.catholique.fr\/lexique\/bapteme\/\"><strong>bapt\u00eame<\/strong><\/a><strong>, les cat\u00e9chum\u00e8nes sont invit\u00e9s \u00e0 vivre trois rites p\u00e9nitentiels : ce sont les scrutins qui ont lieu les 3\u00e8me, 4\u00e8me et 5\u00e8me dimanches de&nbsp;<\/strong><a href=\"https:\/\/liturgie.catholique.fr\/lexique\/careme\/\"><strong>Car\u00eame<\/strong><\/a><strong>.<\/strong><\/p>\n\n\n\n<p><strong>Il s\u2019agit d\u2019inviter les cat\u00e9chum\u00e8nes \u00e0 se laisser \u00ab&nbsp;scruter&nbsp;\u00bb, se laisser regarder par Dieu&nbsp;: \u00ab&nbsp;Tu me scrutes, Seigneur, et tu sais\u2026&nbsp;\u00bb Psaume 138<\/strong><\/p>\n\n\n\n<p>Les scrutins sont c\u00e9l\u00e9br\u00e9s au cours de l\u2019assembl\u00e9e dominicale. Ils permettent aux cat\u00e9chum\u00e8nes de d\u00e9couvrir peu \u00e0 peu le myst\u00e8re du p\u00e9ch\u00e9 personnel et du monde entier, et le d\u00e9sir du salut.<\/p>\n\n\n\n<ul class=\"wp-block-list\">\n<li>Le 3e dimanche du Car\u00eame, on lit l\u2019\u00e9vangile de la Samaritaine qui pr\u00e9sente le Christ Sauveur, eau vive.<\/li>\n\n\n\n<li>Le 4e dimanche, c\u2019est l\u2019\u00e9vangile de l\u2019aveugle-n\u00e9 o\u00f9 les cat\u00e9chum\u00e8nes rencontrent le Christ Lumi\u00e8re du monde.<\/li>\n\n\n\n<li>Le 5e dimanche, on lit l\u2019\u00e9vangile de la r\u00e9surrection de Lazare&nbsp;: le Christ est la R\u00e9surrection et la Vie.<\/li>\n<\/ul>\n\n\n\n<div style=\"height:42px\" aria-hidden=\"true\" class=\"wp-block-spacer\"><\/div>\n\n\n\n<p><strong>Lors de la messe du dimanche 15 mars, 4\u00e8me\u00a0dimanche de Car\u00eame, Floriane a v\u00e9cu le second scrutin.<\/strong><\/p>\n\n\n\n<div style=\"height:58px\" aria-hidden=\"true\" class=\"wp-block-spacer\"><\/div>\n\n\n\n<figure class=\"wp-block-image aligncenter size-full\"><img loading=\"lazy\" decoding=\"async\" width=\"480\" height=\"640\" src=\"https:\/\/catholiques17.fr\/chatelaillon\/wp-content\/uploads\/sites\/12\/2026\/03\/Scrutin-rotated.jpg\" alt=\"\" class=\"wp-image-10142\" srcset=\"https:\/\/catholiques17.fr\/chatelaillon\/wp-content\/uploads\/sites\/12\/2026\/03\/Scrutin-rotated.jpg 480w, https:\/\/catholiques17.fr\/chatelaillon\/wp-content\/uploads\/sites\/12\/2026\/03\/Scrutin-225x300.jpg 225w\" sizes=\"(max-width: 480px) 100vw, 480px\" \/><\/figure>\n","protected":false},"excerpt":{"rendered":"<p>Avant leur&nbsp;bapt\u00eame, les cat\u00e9chum\u00e8nes sont invit\u00e9s \u00e0 vivre trois rites p\u00e9nitentiels : ce sont les scrutins qui ont lieu les 3\u00e8me, 4\u00e8me et 5\u00e8me dimanches de&nbsp;Car\u00eame. Il s\u2019agit d\u2019inviter les [&hellip;]<\/p>\n","protected":false},"author":90,"featured_media":10147,"comment_status":"open","ping_status":"open","sticky":false,"template":"","format":"standard","meta":{"_et_pb_use_builder":"off","_et_pb_old_content":"","_et_gb_content_width":"","footnotes":""},"categories":[6,38,23],"tags":[],"class_list":["post-10146","post","type-post","status-publish","format-standard","has-post-thumbnail","hentry","category-actualite","category-careme","category-liturgie"],"_links":{"self":[{"href":"https:\/\/catholiques17.fr\/chatelaillon\/wp-json\/wp\/v2\/posts\/10146","targetHints":{"allow":["GET"]}}],"collection":[{"href":"https:\/\/catholiques17.fr\/chatelaillon\/wp-json\/wp\/v2\/posts"}],"about":[{"href":"https:\/\/catholiques17.fr\/chatelaillon\/wp-json\/wp\/v2\/types\/post"}],"author":[{"embeddable":true,"href":"https:\/\/catholiques17.fr\/chatelaillon\/wp-json\/wp\/v2\/users\/90"}],"replies":[{"embeddable":true,"href":"https:\/\/catholiques17.fr\/chatelaillon\/wp-json\/wp\/v2\/comments?post=10146"}],"version-history":[{"count":2,"href":"https:\/\/catholiques17.fr\/chatelaillon\/wp-json\/wp\/v2\/posts\/10146\/revisions"}],"predecessor-version":[{"id":10164,"href":"https:\/\/catholiques17.fr\/chatelaillon\/wp-json\/wp\/v2\/posts\/10146\/revisions\/10164"}],"wp:featuredmedia":[{"embeddable":true,"href":"https:\/\/catholiques17.fr\/chatelaillon\/wp-json\/wp\/v2\/media\/10147"}],"wp:attachment":[{"href":"https:\/\/catholiques17.fr\/chatelaillon\/wp-json\/wp\/v2\/media?parent=10146"}],"wp:term":[{"taxonomy":"category","embeddable":true,"href":"https:\/\/catholiques17.fr\/chatelaillon\/wp-json\/wp\/v2\/categories?post=10146"},{"taxonomy":"post_tag","embeddable":true,"href":"https:\/\/catholiques17.fr\/chatelaillon\/wp-json\/wp\/v2\/tags?post=10146"}],"curies":[{"name":"wp","href":"https:\/\/api.w.org\/{rel}","templated":true}]}}