{"id":10138,"date":"2026-03-15T14:59:20","date_gmt":"2026-03-15T13:59:20","guid":{"rendered":"https:\/\/catholiques17.fr\/chatelaillon\/?p=10138"},"modified":"2026-03-16T10:43:01","modified_gmt":"2026-03-16T09:43:01","slug":"dimanche-de-laetare","status":"publish","type":"post","link":"https:\/\/catholiques17.fr\/chatelaillon\/2026\/03\/15\/dimanche-de-laetare\/","title":{"rendered":"Dimanche de Laetare"},"content":{"rendered":"\n<p><\/p>\n\n\n\n<p><\/p>\n\n\n\n<p><\/p>\n\n\n\n<p>Ce dimanche 15 mars 2026 \u00e9tait le Dimanche de Laetare <\/p>\n\n\n\n<p>La chasuble rose port\u00e9e lors de la messe du dimanche de\u00a0Laetare (quatri\u00e8me dimanche de Car\u00eame) a une signification tr\u00e8s particuli\u00e8re dans la liturgie.<\/p>\n\n\n\n<div style=\"height:23px\" aria-hidden=\"true\" class=\"wp-block-spacer\"><\/div>\n\n\n\n<p><strong>1. Une pause de joie au milieu du Car\u00eame<\/strong><\/p>\n\n\n\n<p>Le Car\u00eame est normalement marqu\u00e9 par la couleur violette, signe de p\u00e9nitence, de conversion et de sobri\u00e9t\u00e9.<\/p>\n\n\n\n<p>Mais le dimanche de Laetare introduit une note de joie au milieu de ce temps aust\u00e8re.<\/p>\n\n\n\n<p>Le mot Laetare vient du latin \u00ab R\u00e9jouis-toi \u00bb, tir\u00e9 de l\u2019antienne d\u2019ouverture :<\/p>\n\n\n\n<p>Laetare Jerusalem \u2014 \u00ab R\u00e9jouis-toi, J\u00e9rusalem \u00bb.<\/p>\n\n\n\n<p>L\u2019\u00c9glise veut rappeler que la p\u00e9nitence n\u2019est pas triste, car elle conduit \u00e0 la joie de P\u00e2ques.<\/p>\n\n\n\n<div style=\"height:27px\" aria-hidden=\"true\" class=\"wp-block-spacer\"><\/div>\n\n\n\n<p><strong>2. Pourquoi la couleur rose ?<\/strong><\/p>\n\n\n\n<p>Le rose est obtenu par le m\u00e9lange du violet (p\u00e9nitence) et du blanc (joie, f\u00eate).<\/p>\n\n\n\n<p>Il symbolise donc :<\/p>\n\n\n\n<ul class=\"wp-block-list\">\n<li>une att\u00e9nuation de la p\u00e9nitence,<\/li>\n\n\n\n<li>une anticipation de la joie pascale.<\/li>\n<\/ul>\n\n\n\n<p>C\u2019est comme une lumi\u00e8re qui commence \u00e0 appara\u00eetre \u00e0 l\u2019horizon de P\u00e2ques.<\/p>\n\n\n\n<div style=\"height:34px\" aria-hidden=\"true\" class=\"wp-block-spacer\"><\/div>\n\n\n\n<p><strong>3. Une tradition rare dans l\u2019ann\u00e9e<\/strong><\/p>\n\n\n\n<p>La chasuble rose n\u2019est autoris\u00e9e que deux dimanches dans l\u2019ann\u00e9e :<\/p>\n\n\n\n<ul class=\"wp-block-list\">\n<li>le dimanche de\u00a0Laetare (4\u1d49 dimanche de Car\u00eame)<\/li>\n\n\n\n<li>le dimanche de\u00a0Gaudete (3\u1d49 dimanche de l\u2019Avent)<\/li>\n<\/ul>\n\n\n\n<p>Dans les deux cas, le message est le m\u00eame :<\/p>\n\n\n\n<p>la joie approche, la f\u00eate n\u2019est plus loin.<\/p>\n\n\n\n<div style=\"height:31px\" aria-hidden=\"true\" class=\"wp-block-spacer\"><\/div>\n\n\n\n<p><strong>4. Une image spirituelle<\/strong><\/p>\n\n\n\n<p>On pourrait dire que ce dimanche est comme une fen\u00eatre ouverte pendant le Car\u00eame :<\/p>\n\n\n\n<p>on voit d\u00e9j\u00e0 la lumi\u00e8re de\u00a0P\u00e2ques\u00a0qui arrive.<\/p>\n\n\n\n<p>La liturgie nous murmure :<\/p>\n\n\n\n<p>Continue le chemin de conversion\u2026 la R\u00e9surrection est proche.<\/p>\n\n\n\n<div style=\"height:50px\" aria-hidden=\"true\" class=\"wp-block-spacer\"><\/div>\n\n\n\n<figure class=\"wp-block-gallery has-nested-images columns-default is-cropped wp-block-gallery-1 is-layout-flex wp-block-gallery-is-layout-flex\">\n<figure class=\"wp-block-image size-large\"><img loading=\"lazy\" decoding=\"async\" width=\"600\" height=\"800\" data-id=\"10144\" src=\"https:\/\/catholiques17.fr\/chatelaillon\/wp-content\/uploads\/sites\/12\/2026\/03\/IMG_4376.jpg\" alt=\"\" class=\"wp-image-10144\" srcset=\"https:\/\/catholiques17.fr\/chatelaillon\/wp-content\/uploads\/sites\/12\/2026\/03\/IMG_4376.jpg 600w, https:\/\/catholiques17.fr\/chatelaillon\/wp-content\/uploads\/sites\/12\/2026\/03\/IMG_4376-480x640.jpg 480w\" sizes=\"(min-width: 0px) and (max-width: 480px) 480px, (min-width: 481px) 600px, 100vw\" \/><\/figure>\n\n\n\n<figure class=\"wp-block-image size-large\"><img loading=\"lazy\" decoding=\"async\" width=\"480\" height=\"640\" data-id=\"10141\" src=\"https:\/\/catholiques17.fr\/chatelaillon\/wp-content\/uploads\/sites\/12\/2026\/03\/Dimanche-de-Laetare-1-rotated.jpg\" alt=\"\" class=\"wp-image-10141\" srcset=\"https:\/\/catholiques17.fr\/chatelaillon\/wp-content\/uploads\/sites\/12\/2026\/03\/Dimanche-de-Laetare-1-rotated.jpg 480w, https:\/\/catholiques17.fr\/chatelaillon\/wp-content\/uploads\/sites\/12\/2026\/03\/Dimanche-de-Laetare-1-225x300.jpg 225w\" sizes=\"(max-width: 480px) 100vw, 480px\" \/><\/figure>\n<\/figure>\n","protected":false},"excerpt":{"rendered":"<p>Ce dimanche 15 mars 2026 \u00e9tait le Dimanche de Laetare La chasuble rose port\u00e9e lors de la messe du dimanche de\u00a0Laetare (quatri\u00e8me dimanche de Car\u00eame) a une signification tr\u00e8s particuli\u00e8re [&hellip;]<\/p>\n","protected":false},"author":90,"featured_media":10139,"comment_status":"open","ping_status":"open","sticky":false,"template":"","format":"standard","meta":{"_et_pb_use_builder":"off","_et_pb_old_content":"","_et_gb_content_width":"","footnotes":""},"categories":[6],"tags":[],"class_list":["post-10138","post","type-post","status-publish","format-standard","has-post-thumbnail","hentry","category-actualite"],"_links":{"self":[{"href":"https:\/\/catholiques17.fr\/chatelaillon\/wp-json\/wp\/v2\/posts\/10138","targetHints":{"allow":["GET"]}}],"collection":[{"href":"https:\/\/catholiques17.fr\/chatelaillon\/wp-json\/wp\/v2\/posts"}],"about":[{"href":"https:\/\/catholiques17.fr\/chatelaillon\/wp-json\/wp\/v2\/types\/post"}],"author":[{"embeddable":true,"href":"https:\/\/catholiques17.fr\/chatelaillon\/wp-json\/wp\/v2\/users\/90"}],"replies":[{"embeddable":true,"href":"https:\/\/catholiques17.fr\/chatelaillon\/wp-json\/wp\/v2\/comments?post=10138"}],"version-history":[{"count":3,"href":"https:\/\/catholiques17.fr\/chatelaillon\/wp-json\/wp\/v2\/posts\/10138\/revisions"}],"predecessor-version":[{"id":10163,"href":"https:\/\/catholiques17.fr\/chatelaillon\/wp-json\/wp\/v2\/posts\/10138\/revisions\/10163"}],"wp:featuredmedia":[{"embeddable":true,"href":"https:\/\/catholiques17.fr\/chatelaillon\/wp-json\/wp\/v2\/media\/10139"}],"wp:attachment":[{"href":"https:\/\/catholiques17.fr\/chatelaillon\/wp-json\/wp\/v2\/media?parent=10138"}],"wp:term":[{"taxonomy":"category","embeddable":true,"href":"https:\/\/catholiques17.fr\/chatelaillon\/wp-json\/wp\/v2\/categories?post=10138"},{"taxonomy":"post_tag","embeddable":true,"href":"https:\/\/catholiques17.fr\/chatelaillon\/wp-json\/wp\/v2\/tags?post=10138"}],"curies":[{"name":"wp","href":"https:\/\/api.w.org\/{rel}","templated":true}]}}