{"id":10131,"date":"2026-03-15T14:41:18","date_gmt":"2026-03-15T13:41:18","guid":{"rendered":"https:\/\/catholiques17.fr\/chatelaillon\/?p=10131"},"modified":"2026-03-15T16:52:52","modified_gmt":"2026-03-15T15:52:52","slug":"pelerinage-diocesain-a-notre-dame-de-paris","status":"publish","type":"post","link":"https:\/\/catholiques17.fr\/chatelaillon\/2026\/03\/15\/pelerinage-diocesain-a-notre-dame-de-paris\/","title":{"rendered":"P\u00e8lerinage dioc\u00e9sain \u00e0 Notre-Dame de Paris"},"content":{"rendered":"\n<p><\/p>\n\n\n\n<p><\/p>\n\n\n\n<p><\/p>\n\n\n\n<p>Notre dioc\u00e8se propose un p\u00e8lerinage  \u00e0 Paris qui aura lieu le&nbsp;<strong>jeudi 23 et vendredi 24 avril 2026.<\/strong><\/p>\n\n\n\n<p><br> il reste des places disponibles <\/p>\n\n\n\n<p><strong>Voici le programme :<\/strong><\/p>\n\n\n\n<p><strong>D\u00e9part le jeudi 23<\/strong> <strong>depuis la gare SNCF de la Rochelle \u00e0 7h06<\/strong> (pr\u00e9voir de se retrouver sur place au moins 1\/2 h avant)<br><strong>Arriv\u00e9e \u00e0 Paris \u00e0 9h41<\/strong><br>D\u00e9pose des bagages sur le lieu d&rsquo;h\u00e9bergement\u00a0 (FIAP Paris) puis visite du quartier du Panth\u00e9on avec notamment l&rsquo;\u00e9glise St Etienne du Mont.<br>D\u00e9jeuner vers 13h dans un restaurant aux abords de Notre-Dame.<br>L&rsquo;apr\u00e8s midi : visite guid\u00e9e ext\u00e9rieure de Notre-Dame , puis visite libre de l&rsquo;int\u00e9rieur (avec des audioguides fournis par la cath\u00e9drale). Messe \u00e0 la cath\u00e9drale.<br>Retour sur le lieu d&rsquo;h\u00e9bergement, d\u00eener et nuit sur place.\u00a0<\/p>\n\n\n\n<p><strong>Vendredi <\/strong>: Petit d\u00e9jeuner, d\u00e9pose des bagages dans la bagagerie, puis trajet jusqu&rsquo;\u00e0 la Rue du Bac, messe dans la chapelle de la m\u00e9daille miraculeuse. Rencontre et visite avec une s\u0153ur qui nous parlera de Catherine Labour\u00e9. Visite de l&rsquo;\u00e9glise St Ignace, \u00e0 proximit\u00e9, puis trajet en m\u00e9tro jusqu&rsquo;\u00e0 la place du Tertre (Montmartre). Temps libre puis d\u00e9jeuner autour de Montmartre. Apr\u00e8s-midi : visite libre du Sacr\u00e9 C\u0153ur, temps de pri\u00e8re et d&rsquo;adoration.<br>Retour au lieu d&rsquo;h\u00e9bergement pour r\u00e9cup\u00e9rer nos bagages et rejoindre la gare Montparnasse. Train \u00e0 17h24, arriv\u00e9e \u00e0 la Rochelle \u00e0 20h27.\u00a0<\/p>\n\n\n\n<p><strong>Points d&rsquo;attention :<\/strong><\/p>\n\n\n\n<ul class=\"wp-block-list\">\n<li>les trajets dans Paris se feront en m\u00e9tro. Chaque p\u00e8lerin disposera d&rsquo;un pass navigo cr\u00e9dit\u00e9 d&rsquo;un nombre de voyages n\u00e9cessaires pour la dur\u00e9e du p\u00e8lerinage. Nous avons le temps entre chacun de nos lieux de visites, nous prendrons donc le temps n\u00e9cessaire pour ne mettre personne en difficult\u00e9 pendant ces trajets.<\/li>\n\n\n\n<li>le trajet en train : Nous pouvons r\u00e9server encore pendant une dizaine de jours les billets pour notre groupe ; cela pr\u00e9sente l&rsquo;avantage d&rsquo;avoir des tarifs plus avantageux et un regroupement des places. Si vous ne souhaitez pas voyager entre la Rochelle et Paris, vous pouvez prendre votre billet ou choisir votre moyen de locomotion personnel \u00e0 condition de retrouver le groupe soit \u00e0 la gare Montparnasse, soit au lieu d&rsquo;h\u00e9bergement. Si vous faites le choix de voyager par vos propres moyens, nous vous rembourserons 155 euros, soit le prix Aller-Retour du trajet en train.<\/li>\n\n\n\n<li>H\u00e9bergement : l&rsquo;h\u00e9bergement ne nous propose que des chambres triples ou quadruples (nous essayons de n\u00e9gocier des chambres doubles, mais ce n&rsquo;est pas gagn\u00e9&#8230;). Cela peut \u00eatre un frein pour certain d&rsquo;entre vous, mais sachez que nous arrivons dans une p\u00e9riode o\u00f9 les groupes sont parfois nombreux \u00e0 Paris, en ayant fait des r\u00e9servations bien en amont de la notre. Il ne s&rsquo;agit que d&rsquo;une nuit, &#8230;\u00a0<\/li>\n<\/ul>\n\n\n\n<p>Prix estim\u00e9 (si le groupe est complet) : 400 euros. Il est possible de payer en plusieurs fois (et en autant de fois que n\u00e9cessaire). Ce prix comprend, le trajet en train, les repas (d\u00e9jeuner et diner du jour 1, petit- d\u00e9jeuner et d\u00e9jeuner du jour 2), les transports \u00e0 Paris, la nuit\u00e9e, la taxe de s\u00e9jour, les visites, la fourniture des audiophones et audioguides (Notre-Dame), l&rsquo;assurance assistance et rapatriement Mutuaide Assistance.\u00a0<br>Ce tarif ne comprend pas : Les pr\u00e9 et post acheminements pour vous rendre \u00e0 la gare de La Rochelle Station et revenir, les boissons, les pourboires,les offrandes de messes,les offrandes pour les communaut\u00e9s rencontr\u00e9es, et les intervenants ext\u00e9rieurs, ainsi que toutes les d\u00e9penses \u00e0 caract\u00e8re personnel et autres prestations non mentionn\u00e9es ci-dessus.<\/p>\n\n\n\n<p>Si vous \u00eates int\u00e9ress\u00e9 par ce p\u00e8lerinage, merci de vous signaler au plus vite :&nbsp;<a href=\"mailto:pelerinages@diocese17.fr\">pelerinages@diocese17.fr<\/a>&nbsp;ou au 07&nbsp; 72 32 08 28, et ce, imp\u00e9rativement avant <strong>LUNDI 16 mars \u00e0&nbsp;18h.  La r\u00e9servation des chambres doit \u00eatre finalis\u00e9e le mardi 17 mars.<\/strong><\/p>\n","protected":false},"excerpt":{"rendered":"<p>Notre dioc\u00e8se propose un p\u00e8lerinage \u00e0 Paris qui aura lieu le&nbsp;jeudi 23 et vendredi 24 avril 2026. il reste des places disponibles Voici le programme : D\u00e9part le jeudi 23 [&hellip;]<\/p>\n","protected":false},"author":90,"featured_media":10149,"comment_status":"open","ping_status":"open","sticky":false,"template":"","format":"standard","meta":{"_et_pb_use_builder":"off","_et_pb_old_content":"","_et_gb_content_width":"","footnotes":""},"categories":[6],"tags":[],"class_list":["post-10131","post","type-post","status-publish","format-standard","has-post-thumbnail","hentry","category-actualite"],"_links":{"self":[{"href":"https:\/\/catholiques17.fr\/chatelaillon\/wp-json\/wp\/v2\/posts\/10131","targetHints":{"allow":["GET"]}}],"collection":[{"href":"https:\/\/catholiques17.fr\/chatelaillon\/wp-json\/wp\/v2\/posts"}],"about":[{"href":"https:\/\/catholiques17.fr\/chatelaillon\/wp-json\/wp\/v2\/types\/post"}],"author":[{"embeddable":true,"href":"https:\/\/catholiques17.fr\/chatelaillon\/wp-json\/wp\/v2\/users\/90"}],"replies":[{"embeddable":true,"href":"https:\/\/catholiques17.fr\/chatelaillon\/wp-json\/wp\/v2\/comments?post=10131"}],"version-history":[{"count":3,"href":"https:\/\/catholiques17.fr\/chatelaillon\/wp-json\/wp\/v2\/posts\/10131\/revisions"}],"predecessor-version":[{"id":10152,"href":"https:\/\/catholiques17.fr\/chatelaillon\/wp-json\/wp\/v2\/posts\/10131\/revisions\/10152"}],"wp:featuredmedia":[{"embeddable":true,"href":"https:\/\/catholiques17.fr\/chatelaillon\/wp-json\/wp\/v2\/media\/10149"}],"wp:attachment":[{"href":"https:\/\/catholiques17.fr\/chatelaillon\/wp-json\/wp\/v2\/media?parent=10131"}],"wp:term":[{"taxonomy":"category","embeddable":true,"href":"https:\/\/catholiques17.fr\/chatelaillon\/wp-json\/wp\/v2\/categories?post=10131"},{"taxonomy":"post_tag","embeddable":true,"href":"https:\/\/catholiques17.fr\/chatelaillon\/wp-json\/wp\/v2\/tags?post=10131"}],"curies":[{"name":"wp","href":"https:\/\/api.w.org\/{rel}","templated":true}]}}