{"id":8636,"date":"2026-04-13T22:02:46","date_gmt":"2026-04-13T20:02:46","guid":{"rendered":"https:\/\/catholiques17.fr\/archiac\/?p=8636"},"modified":"2026-04-13T22:08:08","modified_gmt":"2026-04-13T20:08:08","slug":"vie-de-la-paroisse-la-montee-vers-paques","status":"publish","type":"post","link":"https:\/\/catholiques17.fr\/archiac\/2026\/04\/13\/vie-de-la-paroisse-la-montee-vers-paques\/","title":{"rendered":"Vie de la Paroisse : La mont\u00e9e vers P\u00e2ques"},"content":{"rendered":"\n<p class=\"has-text-align-center has-luminous-vivid-orange-color has-text-color has-link-color has-medium-font-size wp-elements-eb4371011630c3908326d305492b2671\"><strong>LE VENDREDI SAINT<\/strong><\/p>\n\n\n\n<p class=\"has-luminous-vivid-orange-color has-text-color has-link-color has-medium-font-size wp-elements-f6376d5e1c29a28cc87363a8fc3e68c6\">C\u00e9l\u00e9br\u00e9 le vendredi pr\u00e9c\u00e9dant P\u00e2ques, il comm\u00e9more la crucifixion et la mort de J\u00e9sus \u2013Christ \u00e0 J\u00e9rusalem selon le r\u00e9cit des Evangiles. C\u2019est un jour de deuil et de recueillement durant lequel est fait un chemin de croix, repr\u00e9sentation du parcours de J\u00e9sus jusqu\u2019\u00e0 sa crucifixion.<\/p>\n\n\n\n<figure class=\"wp-block-gallery has-nested-images columns-default is-cropped wp-block-gallery-1 is-layout-flex wp-block-gallery-is-layout-flex\">\n<figure class=\"wp-block-image size-large\"><img loading=\"lazy\" decoding=\"async\" width=\"800\" height=\"602\" data-id=\"8638\" src=\"https:\/\/catholiques17.fr\/archiac\/wp-content\/uploads\/sites\/26\/2026\/04\/Chemin-de-Croix-2026-2.jpeg\" alt=\"\" class=\"wp-image-8638\" srcset=\"https:\/\/catholiques17.fr\/archiac\/wp-content\/uploads\/sites\/26\/2026\/04\/Chemin-de-Croix-2026-2.jpeg 800w, https:\/\/catholiques17.fr\/archiac\/wp-content\/uploads\/sites\/26\/2026\/04\/Chemin-de-Croix-2026-2-480x361.jpeg 480w\" sizes=\"(min-width: 0px) and (max-width: 480px) 480px, (min-width: 481px) 800px, 100vw\" \/><\/figure>\n\n\n\n<figure class=\"wp-block-image size-large\"><img loading=\"lazy\" decoding=\"async\" width=\"800\" height=\"602\" data-id=\"8639\" src=\"https:\/\/catholiques17.fr\/archiac\/wp-content\/uploads\/sites\/26\/2026\/04\/Chemin-de-Croix-2026-3.jpeg\" alt=\"\" class=\"wp-image-8639\" srcset=\"https:\/\/catholiques17.fr\/archiac\/wp-content\/uploads\/sites\/26\/2026\/04\/Chemin-de-Croix-2026-3.jpeg 800w, https:\/\/catholiques17.fr\/archiac\/wp-content\/uploads\/sites\/26\/2026\/04\/Chemin-de-Croix-2026-3-480x361.jpeg 480w\" sizes=\"(min-width: 0px) and (max-width: 480px) 480px, (min-width: 481px) 800px, 100vw\" \/><\/figure>\n\n\n\n<figure class=\"wp-block-image size-large\"><img loading=\"lazy\" decoding=\"async\" width=\"800\" height=\"602\" data-id=\"8640\" src=\"https:\/\/catholiques17.fr\/archiac\/wp-content\/uploads\/sites\/26\/2026\/04\/Chemin-de-Croix-2026-4.jpeg\" alt=\"\" class=\"wp-image-8640\" srcset=\"https:\/\/catholiques17.fr\/archiac\/wp-content\/uploads\/sites\/26\/2026\/04\/Chemin-de-Croix-2026-4.jpeg 800w, https:\/\/catholiques17.fr\/archiac\/wp-content\/uploads\/sites\/26\/2026\/04\/Chemin-de-Croix-2026-4-480x361.jpeg 480w\" sizes=\"(min-width: 0px) and (max-width: 480px) 480px, (min-width: 481px) 800px, 100vw\" \/><\/figure>\n<\/figure>\n\n\n\n<figure class=\"wp-block-gallery has-nested-images columns-default is-cropped wp-block-gallery-2 is-layout-flex wp-block-gallery-is-layout-flex\">\n<figure class=\"wp-block-image size-large\"><img loading=\"lazy\" decoding=\"async\" width=\"800\" height=\"602\" data-id=\"8641\" src=\"https:\/\/catholiques17.fr\/archiac\/wp-content\/uploads\/sites\/26\/2026\/04\/Chemin-de-Croix-2026-1.jpeg\" alt=\"\" class=\"wp-image-8641\" srcset=\"https:\/\/catholiques17.fr\/archiac\/wp-content\/uploads\/sites\/26\/2026\/04\/Chemin-de-Croix-2026-1.jpeg 800w, https:\/\/catholiques17.fr\/archiac\/wp-content\/uploads\/sites\/26\/2026\/04\/Chemin-de-Croix-2026-1-480x361.jpeg 480w\" sizes=\"(min-width: 0px) and (max-width: 480px) 480px, (min-width: 481px) 800px, 100vw\" \/><\/figure>\n\n\n\n<figure class=\"wp-block-image size-large\"><img loading=\"lazy\" decoding=\"async\" width=\"800\" height=\"602\" data-id=\"8642\" src=\"https:\/\/catholiques17.fr\/archiac\/wp-content\/uploads\/sites\/26\/2026\/04\/Chemin-de-Croix-2026-5.jpeg\" alt=\"\" class=\"wp-image-8642\" srcset=\"https:\/\/catholiques17.fr\/archiac\/wp-content\/uploads\/sites\/26\/2026\/04\/Chemin-de-Croix-2026-5.jpeg 800w, https:\/\/catholiques17.fr\/archiac\/wp-content\/uploads\/sites\/26\/2026\/04\/Chemin-de-Croix-2026-5-480x361.jpeg 480w\" sizes=\"(min-width: 0px) and (max-width: 480px) 480px, (min-width: 481px) 800px, 100vw\" \/><\/figure>\n<\/figure>\n\n\n\n<p class=\"has-luminous-vivid-orange-color has-text-color has-link-color has-medium-font-size wp-elements-ada004bc2bcfa90e8e3911023ddf1fe2\">Cette ann\u00e9e dans notre paroisse le chemin de croix partait d\u2019Archiac &nbsp;pour se terminer par un office de la Passion dans l\u2019Eglise d\u2019Arthenac<\/p>\n\n\n\n<p><\/p>\n\n\n\n<p class=\"has-text-align-center has-luminous-vivid-orange-color has-text-color has-link-color has-medium-font-size wp-elements-6e8c9858876b87784c04f1f80bd1465b\"><strong>LA VEILLEE PASCALE<\/strong> <\/p>\n\n\n\n<p class=\"has-text-align-center has-luminous-vivid-orange-color has-text-color has-link-color has-medium-font-size wp-elements-c5d3d031a4abf7c0116031e7af31ed5e\">Victoire de la vie sur la mort et arriv\u00e9e de la lumi\u00e8re dans le monde, le \u2018 <em>feu nouveau \u2018<\/em> a \u00e9t\u00e9 allum\u00e9 cette ann\u00e9e sur le parvis de l\u2019\u00e9glise de Jarnac-Champagne<\/p>\n\n\n\n<figure class=\"wp-block-gallery has-nested-images columns-default is-cropped wp-block-gallery-3 is-layout-flex wp-block-gallery-is-layout-flex\">\n<figure class=\"wp-block-image size-large\"><img loading=\"lazy\" decoding=\"async\" width=\"555\" height=\"570\" data-id=\"8643\" src=\"https:\/\/catholiques17.fr\/archiac\/wp-content\/uploads\/sites\/26\/2026\/04\/Veillee-Pascale-1-1.jpg\" alt=\"\" class=\"wp-image-8643\" srcset=\"https:\/\/catholiques17.fr\/archiac\/wp-content\/uploads\/sites\/26\/2026\/04\/Veillee-Pascale-1-1.jpg 555w, https:\/\/catholiques17.fr\/archiac\/wp-content\/uploads\/sites\/26\/2026\/04\/Veillee-Pascale-1-1-480x493.jpg 480w\" sizes=\"(min-width: 0px) and (max-width: 480px) 480px, (min-width: 481px) 555px, 100vw\" \/><\/figure>\n\n\n\n<figure class=\"wp-block-image size-large\"><img loading=\"lazy\" decoding=\"async\" width=\"800\" height=\"600\" data-id=\"8645\" src=\"https:\/\/catholiques17.fr\/archiac\/wp-content\/uploads\/sites\/26\/2026\/04\/Veillee-Pascale-6.jpeg\" alt=\"\" class=\"wp-image-8645\" srcset=\"https:\/\/catholiques17.fr\/archiac\/wp-content\/uploads\/sites\/26\/2026\/04\/Veillee-Pascale-6.jpeg 800w, https:\/\/catholiques17.fr\/archiac\/wp-content\/uploads\/sites\/26\/2026\/04\/Veillee-Pascale-6-480x360.jpeg 480w\" sizes=\"(min-width: 0px) and (max-width: 480px) 480px, (min-width: 481px) 800px, 100vw\" \/><\/figure>\n\n\n\n<figure class=\"wp-block-image size-large\"><img loading=\"lazy\" decoding=\"async\" width=\"800\" height=\"600\" data-id=\"8644\" src=\"https:\/\/catholiques17.fr\/archiac\/wp-content\/uploads\/sites\/26\/2026\/04\/Veillee-Pascale-2.jpeg\" alt=\"\" class=\"wp-image-8644\" srcset=\"https:\/\/catholiques17.fr\/archiac\/wp-content\/uploads\/sites\/26\/2026\/04\/Veillee-Pascale-2.jpeg 800w, https:\/\/catholiques17.fr\/archiac\/wp-content\/uploads\/sites\/26\/2026\/04\/Veillee-Pascale-2-480x360.jpeg 480w\" sizes=\"(min-width: 0px) and (max-width: 480px) 480px, (min-width: 481px) 800px, 100vw\" \/><\/figure>\n<\/figure>\n\n\n\n<p class=\"has-luminous-vivid-orange-color has-text-color has-link-color has-medium-font-size wp-elements-62817dbb3c2817bb490234d7c43484f2\">Il symbolise la lumi\u00e8re du Christ ressuscit\u00e9 et nous rappelle que J\u00e9sus-Christ est sorti des t\u00e9n\u00e8bres de la mort pour apporter la lumi\u00e8re au monde.<\/p>\n\n\n\n<figure class=\"wp-block-image aligncenter size-full\"><img loading=\"lazy\" decoding=\"async\" width=\"600\" height=\"800\" src=\"https:\/\/catholiques17.fr\/archiac\/wp-content\/uploads\/sites\/26\/2026\/04\/Veillee-Pascale-4.jpeg\" alt=\"\" class=\"wp-image-8648\" srcset=\"https:\/\/catholiques17.fr\/archiac\/wp-content\/uploads\/sites\/26\/2026\/04\/Veillee-Pascale-4.jpeg 600w, https:\/\/catholiques17.fr\/archiac\/wp-content\/uploads\/sites\/26\/2026\/04\/Veillee-Pascale-4-480x640.jpeg 480w\" sizes=\"(min-width: 0px) and (max-width: 480px) 480px, (min-width: 481px) 600px, 100vw\" \/><\/figure>\n\n\n\n<p class=\"has-text-align-center has-luminous-vivid-orange-color has-text-color has-link-color has-medium-font-size wp-elements-f71b4072b960b6cd2287e2b90a0a48df\">A partir de ce feu le Cierge Pascal a \u00e9t\u00e9 allum\u00e9, il repr\u00e9sente le passage&nbsp;:<\/p>\n\n\n\n<ul class=\"wp-block-list\">\n<li class=\"has-luminous-vivid-orange-color has-text-color has-link-color has-medium-font-size wp-elements-986b5a6e6033f2509f0fcfa80924e852\">Du p\u00e9ch\u00e9 \u00e0 la gr\u00e2ce<\/li>\n\n\n\n<li class=\"has-luminous-vivid-orange-color has-text-color has-link-color has-medium-font-size wp-elements-2938e86573f4fe7558afdc0702da651d\">De la mort \u00e0 la vie<\/li>\n\n\n\n<li class=\"has-luminous-vivid-orange-color has-text-color has-link-color has-medium-font-size wp-elements-564e8eb60cee678ece8cd890a5c3a21f\">Du d\u00e9sespoir \u00e0 l\u2019esp\u00e9rance<\/li>\n<\/ul>\n\n\n\n<figure class=\"wp-block-gallery has-nested-images columns-default is-cropped wp-block-gallery-4 is-layout-flex wp-block-gallery-is-layout-flex\">\n<figure class=\"wp-block-image size-large\"><img loading=\"lazy\" decoding=\"async\" width=\"800\" height=\"600\" data-id=\"8650\" src=\"https:\/\/catholiques17.fr\/archiac\/wp-content\/uploads\/sites\/26\/2026\/04\/Veillee-Pascale-6-2.jpeg\" alt=\"\" class=\"wp-image-8650\" srcset=\"https:\/\/catholiques17.fr\/archiac\/wp-content\/uploads\/sites\/26\/2026\/04\/Veillee-Pascale-6-2.jpeg 800w, https:\/\/catholiques17.fr\/archiac\/wp-content\/uploads\/sites\/26\/2026\/04\/Veillee-Pascale-6-2-480x360.jpeg 480w\" sizes=\"(min-width: 0px) and (max-width: 480px) 480px, (min-width: 481px) 800px, 100vw\" \/><\/figure>\n\n\n\n<figure class=\"wp-block-image size-large\"><img loading=\"lazy\" decoding=\"async\" width=\"800\" height=\"600\" data-id=\"8649\" src=\"https:\/\/catholiques17.fr\/archiac\/wp-content\/uploads\/sites\/26\/2026\/04\/Veillee-Pascale-7.jpeg\" alt=\"\" class=\"wp-image-8649\" srcset=\"https:\/\/catholiques17.fr\/archiac\/wp-content\/uploads\/sites\/26\/2026\/04\/Veillee-Pascale-7.jpeg 800w, https:\/\/catholiques17.fr\/archiac\/wp-content\/uploads\/sites\/26\/2026\/04\/Veillee-Pascale-7-480x360.jpeg 480w\" sizes=\"(min-width: 0px) and (max-width: 480px) 480px, (min-width: 481px) 800px, 100vw\" \/><\/figure>\n<\/figure>\n\n\n\n<p class=\"has-text-align-center has-luminous-vivid-orange-color has-text-color has-link-color has-medium-font-size wp-elements-bffaac82f21e10d115a4c7bfa46d9de9\">Pour montrer que la lumi\u00e8re du Christ se diffuse \u00e0 tous, cette lumi\u00e8re a \u00e9t\u00e9 transmise aux fid\u00e8les pr\u00e9sents dans l\u2019\u00e9glise<\/p>\n\n\n\n<figure class=\"wp-block-image aligncenter size-full\"><img loading=\"lazy\" decoding=\"async\" width=\"800\" height=\"600\" src=\"https:\/\/catholiques17.fr\/archiac\/wp-content\/uploads\/sites\/26\/2026\/04\/Veillee-Pascale-8.jpeg\" alt=\"\" class=\"wp-image-8651\" srcset=\"https:\/\/catholiques17.fr\/archiac\/wp-content\/uploads\/sites\/26\/2026\/04\/Veillee-Pascale-8.jpeg 800w, https:\/\/catholiques17.fr\/archiac\/wp-content\/uploads\/sites\/26\/2026\/04\/Veillee-Pascale-8-480x360.jpeg 480w\" sizes=\"(min-width: 0px) and (max-width: 480px) 480px, (min-width: 481px) 800px, 100vw\" \/><\/figure>\n\n\n\n<p><\/p>\n\n\n\n<p class=\"has-text-align-center has-luminous-vivid-orange-color has-text-color has-link-color has-medium-font-size wp-elements-8bab6ac4f99cde3692d4972ccc5a7c8f\"><strong>BAPT\u00caME DES CATECHUMENES<\/strong><\/p>\n\n\n\n<figure class=\"wp-block-image size-full\"><img loading=\"lazy\" decoding=\"async\" width=\"800\" height=\"600\" src=\"https:\/\/catholiques17.fr\/archiac\/wp-content\/uploads\/sites\/26\/2026\/04\/Veillee-Pascale-9.jpeg\" alt=\"\" class=\"wp-image-8652\" srcset=\"https:\/\/catholiques17.fr\/archiac\/wp-content\/uploads\/sites\/26\/2026\/04\/Veillee-Pascale-9.jpeg 800w, https:\/\/catholiques17.fr\/archiac\/wp-content\/uploads\/sites\/26\/2026\/04\/Veillee-Pascale-9-480x360.jpeg 480w\" sizes=\"(min-width: 0px) and (max-width: 480px) 480px, (min-width: 481px) 800px, 100vw\" \/><\/figure>\n\n\n\n<figure class=\"wp-block-gallery has-nested-images columns-default is-cropped wp-block-gallery-5 is-layout-flex wp-block-gallery-is-layout-flex\">\n<figure class=\"wp-block-image size-large\"><img loading=\"lazy\" decoding=\"async\" width=\"600\" height=\"800\" data-id=\"8653\" src=\"https:\/\/catholiques17.fr\/archiac\/wp-content\/uploads\/sites\/26\/2026\/04\/Veillee-Pascale-12.jpeg\" alt=\"\" class=\"wp-image-8653\" srcset=\"https:\/\/catholiques17.fr\/archiac\/wp-content\/uploads\/sites\/26\/2026\/04\/Veillee-Pascale-12.jpeg 600w, https:\/\/catholiques17.fr\/archiac\/wp-content\/uploads\/sites\/26\/2026\/04\/Veillee-Pascale-12-480x640.jpeg 480w\" sizes=\"(min-width: 0px) and (max-width: 480px) 480px, (min-width: 481px) 600px, 100vw\" \/><\/figure>\n\n\n\n<figure class=\"wp-block-image size-large\"><img loading=\"lazy\" decoding=\"async\" width=\"600\" height=\"800\" data-id=\"8654\" src=\"https:\/\/catholiques17.fr\/archiac\/wp-content\/uploads\/sites\/26\/2026\/04\/Veillee-Pascale-14.jpeg\" alt=\"\" class=\"wp-image-8654\" srcset=\"https:\/\/catholiques17.fr\/archiac\/wp-content\/uploads\/sites\/26\/2026\/04\/Veillee-Pascale-14.jpeg 600w, https:\/\/catholiques17.fr\/archiac\/wp-content\/uploads\/sites\/26\/2026\/04\/Veillee-Pascale-14-480x640.jpeg 480w\" sizes=\"(min-width: 0px) and (max-width: 480px) 480px, (min-width: 481px) 600px, 100vw\" \/><\/figure>\n<\/figure>\n\n\n\n<p class=\"has-text-align-center has-luminous-vivid-orange-color has-text-color has-link-color has-medium-font-size wp-elements-58d4dfed60c24d0f0c21cd1135deb779\">En lien avec le message de P\u00e2ques, Valentin et Gwendoline ont \u00e9t\u00e9 baptis\u00e9s.<\/p>\n\n\n\n<figure class=\"wp-block-gallery has-nested-images columns-default is-cropped wp-block-gallery-6 is-layout-flex wp-block-gallery-is-layout-flex\">\n<figure class=\"wp-block-image size-large\"><img loading=\"lazy\" decoding=\"async\" width=\"600\" height=\"800\" data-id=\"8656\" src=\"https:\/\/catholiques17.fr\/archiac\/wp-content\/uploads\/sites\/26\/2026\/04\/Veillee-Pascale-27.jpeg\" alt=\"\" class=\"wp-image-8656\" srcset=\"https:\/\/catholiques17.fr\/archiac\/wp-content\/uploads\/sites\/26\/2026\/04\/Veillee-Pascale-27.jpeg 600w, https:\/\/catholiques17.fr\/archiac\/wp-content\/uploads\/sites\/26\/2026\/04\/Veillee-Pascale-27-480x640.jpeg 480w\" sizes=\"(min-width: 0px) and (max-width: 480px) 480px, (min-width: 481px) 600px, 100vw\" \/><\/figure>\n\n\n\n<figure class=\"wp-block-image size-large\"><img loading=\"lazy\" decoding=\"async\" width=\"800\" height=\"600\" data-id=\"8655\" src=\"https:\/\/catholiques17.fr\/archiac\/wp-content\/uploads\/sites\/26\/2026\/04\/Veillee-Pascale-19.jpeg\" alt=\"\" class=\"wp-image-8655\" srcset=\"https:\/\/catholiques17.fr\/archiac\/wp-content\/uploads\/sites\/26\/2026\/04\/Veillee-Pascale-19.jpeg 800w, https:\/\/catholiques17.fr\/archiac\/wp-content\/uploads\/sites\/26\/2026\/04\/Veillee-Pascale-19-480x360.jpeg 480w\" sizes=\"(min-width: 0px) and (max-width: 480px) 480px, (min-width: 481px) 800px, 100vw\" \/><\/figure>\n<\/figure>\n","protected":false},"excerpt":{"rendered":"<p>LE VENDREDI SAINT C\u00e9l\u00e9br\u00e9 le vendredi pr\u00e9c\u00e9dant P\u00e2ques, il comm\u00e9more la crucifixion et la mort de J\u00e9sus \u2013Christ \u00e0 J\u00e9rusalem selon le r\u00e9cit des Evangiles. C\u2019est un jour de deuil [&hellip;]<\/p>\n","protected":false},"author":39,"featured_media":8644,"comment_status":"open","ping_status":"open","sticky":false,"template":"","format":"standard","meta":{"_et_pb_use_builder":"off","_et_pb_old_content":"","_et_gb_content_width":"","footnotes":""},"categories":[6],"tags":[],"class_list":["post-8636","post","type-post","status-publish","format-standard","has-post-thumbnail","hentry","category-actualite"],"_links":{"self":[{"href":"https:\/\/catholiques17.fr\/archiac\/wp-json\/wp\/v2\/posts\/8636","targetHints":{"allow":["GET"]}}],"collection":[{"href":"https:\/\/catholiques17.fr\/archiac\/wp-json\/wp\/v2\/posts"}],"about":[{"href":"https:\/\/catholiques17.fr\/archiac\/wp-json\/wp\/v2\/types\/post"}],"author":[{"embeddable":true,"href":"https:\/\/catholiques17.fr\/archiac\/wp-json\/wp\/v2\/users\/39"}],"replies":[{"embeddable":true,"href":"https:\/\/catholiques17.fr\/archiac\/wp-json\/wp\/v2\/comments?post=8636"}],"version-history":[{"count":3,"href":"https:\/\/catholiques17.fr\/archiac\/wp-json\/wp\/v2\/posts\/8636\/revisions"}],"predecessor-version":[{"id":8660,"href":"https:\/\/catholiques17.fr\/archiac\/wp-json\/wp\/v2\/posts\/8636\/revisions\/8660"}],"wp:featuredmedia":[{"embeddable":true,"href":"https:\/\/catholiques17.fr\/archiac\/wp-json\/wp\/v2\/media\/8644"}],"wp:attachment":[{"href":"https:\/\/catholiques17.fr\/archiac\/wp-json\/wp\/v2\/media?parent=8636"}],"wp:term":[{"taxonomy":"category","embeddable":true,"href":"https:\/\/catholiques17.fr\/archiac\/wp-json\/wp\/v2\/categories?post=8636"},{"taxonomy":"post_tag","embeddable":true,"href":"https:\/\/catholiques17.fr\/archiac\/wp-json\/wp\/v2\/tags?post=8636"}],"curies":[{"name":"wp","href":"https:\/\/api.w.org\/{rel}","templated":true}]}}