{"id":7931,"date":"2025-07-10T17:22:46","date_gmt":"2025-07-10T15:22:46","guid":{"rendered":"https:\/\/catholiques17.fr\/archiac\/?p=7931"},"modified":"2025-07-10T18:07:01","modified_gmt":"2025-07-10T16:07:01","slug":"vie-de-la-paroisse-les-temps-forts-du-printemps","status":"publish","type":"post","link":"https:\/\/catholiques17.fr\/archiac\/2025\/07\/10\/vie-de-la-paroisse-les-temps-forts-du-printemps\/","title":{"rendered":"Vie de la Paroisse : Les Temps forts du Printemps"},"content":{"rendered":"\n<div style=\"height:19px\" aria-hidden=\"true\" class=\"wp-block-spacer\"><\/div>\n\n\n\n<div style=\"height:9px\" aria-hidden=\"true\" class=\"wp-block-spacer\"><\/div>\n\n\n\n<p class=\"has-text-align-center has-luminous-vivid-orange-color has-text-color has-link-color has-medium-font-size wp-elements-8da39c8f94c12da599f0732ac9087138\"><strong>Retour sur les moments forts de ces derniers mois<\/strong><\/p>\n\n\n\n<p><\/p>\n\n\n\n<figure class=\"wp-block-gallery has-nested-images columns-default is-cropped wp-block-gallery-1 is-layout-flex wp-block-gallery-is-layout-flex\">\n<figure class=\"wp-block-image size-large\"><img loading=\"lazy\" decoding=\"async\" width=\"800\" height=\"602\" data-id=\"7948\" src=\"https:\/\/catholiques17.fr\/archiac\/wp-content\/uploads\/sites\/26\/2025\/07\/Mgr-Housset-a-Neuillac-1-1.jpg\" alt=\"\" class=\"wp-image-7948\" srcset=\"https:\/\/catholiques17.fr\/archiac\/wp-content\/uploads\/sites\/26\/2025\/07\/Mgr-Housset-a-Neuillac-1-1.jpg 800w, https:\/\/catholiques17.fr\/archiac\/wp-content\/uploads\/sites\/26\/2025\/07\/Mgr-Housset-a-Neuillac-1-1-480x361.jpg 480w\" sizes=\"(min-width: 0px) and (max-width: 480px) 480px, (min-width: 481px) 800px, 100vw\" \/><\/figure>\n\n\n\n<figure class=\"wp-block-image size-large\"><img loading=\"lazy\" decoding=\"async\" width=\"800\" height=\"602\" data-id=\"7947\" src=\"https:\/\/catholiques17.fr\/archiac\/wp-content\/uploads\/sites\/26\/2025\/07\/Mgr-Housset-a-Neuillac-2-2.jpg\" alt=\"\" class=\"wp-image-7947\" srcset=\"https:\/\/catholiques17.fr\/archiac\/wp-content\/uploads\/sites\/26\/2025\/07\/Mgr-Housset-a-Neuillac-2-2.jpg 800w, https:\/\/catholiques17.fr\/archiac\/wp-content\/uploads\/sites\/26\/2025\/07\/Mgr-Housset-a-Neuillac-2-2-480x361.jpg 480w\" sizes=\"(min-width: 0px) and (max-width: 480px) 480px, (min-width: 481px) 800px, 100vw\" \/><\/figure>\n<\/figure>\n\n\n\n<p><\/p>\n\n\n\n<p class=\"has-text-align-left has-luminous-vivid-orange-color has-text-color has-link-color has-medium-font-size wp-elements-ce6726d64371ab56d336985949aa4175\">Le Dimanche 25 mai, nous nous sommes retrouv\u00e9s en l\u2019\u00e9glise de Neuillac autour de P\u00e8re B.Housset. Ev\u00eaque de Montauban, puis de La Rochelle jusqu\u2019en 2015 il nous a pr\u00e9sent\u00e9 son livre\u00a0:\u00a0 Vous dites, Esp\u00e9rance\u00a0?\u00a0.  Merci P\u00e8re pour ce temps de partage.<\/p>\n\n\n\n<p><\/p>\n\n\n\n<div class=\"wp-block-media-text is-stacked-on-mobile\"><figure class=\"wp-block-media-text__media\"><img loading=\"lazy\" decoding=\"async\" width=\"799\" height=\"599\" src=\"https:\/\/catholiques17.fr\/archiac\/wp-content\/uploads\/sites\/26\/2025\/07\/Profession-de-Foi-a-Jonzac.jpg\" alt=\"\" class=\"wp-image-7935 size-full\" srcset=\"https:\/\/catholiques17.fr\/archiac\/wp-content\/uploads\/sites\/26\/2025\/07\/Profession-de-Foi-a-Jonzac.jpg 799w, https:\/\/catholiques17.fr\/archiac\/wp-content\/uploads\/sites\/26\/2025\/07\/Profession-de-Foi-a-Jonzac-480x360.jpg 480w\" sizes=\"(min-width: 0px) and (max-width: 480px) 480px, (min-width: 481px) 799px, 100vw\" \/><\/figure><div class=\"wp-block-media-text__content\">\n<p class=\"has-luminous-vivid-orange-color has-text-color has-link-color has-medium-font-size wp-elements-f8f11dd12397dfe889df1c5c207fbcbf\">Samedi 21 juin, dans l\u2019\u00e9glise de Jonzac&nbsp;, le P\u00e8re Bertrand MONNARD, Vicaire G\u00e9n\u00e9ral a confirm\u00e9 19 personnes&nbsp;: adultes et jeunes, entour\u00e9s de leur famille.<\/p>\n<\/div><\/div>\n\n\n\n<p><\/p>\n\n\n\n<p><\/p>\n\n\n\n<figure class=\"wp-block-gallery has-nested-images columns-default is-cropped wp-block-gallery-2 is-layout-flex wp-block-gallery-is-layout-flex\">\n<figure class=\"wp-block-image size-large\"><img loading=\"lazy\" decoding=\"async\" width=\"800\" height=\"602\" data-id=\"7939\" src=\"https:\/\/catholiques17.fr\/archiac\/wp-content\/uploads\/sites\/26\/2025\/07\/Sablonceaux-1-1.jpg\" alt=\"\" class=\"wp-image-7939\" srcset=\"https:\/\/catholiques17.fr\/archiac\/wp-content\/uploads\/sites\/26\/2025\/07\/Sablonceaux-1-1.jpg 800w, https:\/\/catholiques17.fr\/archiac\/wp-content\/uploads\/sites\/26\/2025\/07\/Sablonceaux-1-1-480x361.jpg 480w\" sizes=\"(min-width: 0px) and (max-width: 480px) 480px, (min-width: 481px) 800px, 100vw\" \/><\/figure>\n\n\n\n<figure class=\"wp-block-image size-large\"><img loading=\"lazy\" decoding=\"async\" width=\"800\" height=\"602\" data-id=\"7940\" src=\"https:\/\/catholiques17.fr\/archiac\/wp-content\/uploads\/sites\/26\/2025\/07\/Sablonceaux-2-1.jpg\" alt=\"\" class=\"wp-image-7940\" srcset=\"https:\/\/catholiques17.fr\/archiac\/wp-content\/uploads\/sites\/26\/2025\/07\/Sablonceaux-2-1.jpg 800w, https:\/\/catholiques17.fr\/archiac\/wp-content\/uploads\/sites\/26\/2025\/07\/Sablonceaux-2-1-480x361.jpg 480w\" sizes=\"(min-width: 0px) and (max-width: 480px) 480px, (min-width: 481px) 800px, 100vw\" \/><\/figure>\n\n\n\n<figure class=\"wp-block-image size-large\"><img loading=\"lazy\" decoding=\"async\" width=\"800\" height=\"600\" data-id=\"7941\" src=\"https:\/\/catholiques17.fr\/archiac\/wp-content\/uploads\/sites\/26\/2025\/07\/Sablonceaux-3-1.jpg\" alt=\"\" class=\"wp-image-7941\" srcset=\"https:\/\/catholiques17.fr\/archiac\/wp-content\/uploads\/sites\/26\/2025\/07\/Sablonceaux-3-1.jpg 800w, https:\/\/catholiques17.fr\/archiac\/wp-content\/uploads\/sites\/26\/2025\/07\/Sablonceaux-3-1-480x360.jpg 480w\" sizes=\"(min-width: 0px) and (max-width: 480px) 480px, (min-width: 481px) 800px, 100vw\" \/><\/figure>\n<\/figure>\n\n\n\n<p><\/p>\n\n\n\n<p class=\"has-text-align-center has-luminous-vivid-orange-color has-text-color has-link-color has-medium-font-size wp-elements-4e513d254869c791bf3fca5d6956e0ce\">Journ\u00e9e Dioc\u00e9saine \u00e0 l&rsquo;Abbaye de Sablonceaux.<\/p>\n\n\n\n<p class=\"has-text-align-left has-luminous-vivid-orange-color has-text-color has-link-color has-medium-font-size wp-elements-a57570384cbdeee865ca0ffb7b766194\">Le Samedi 14 Juin nous \u00e9tions pr\u00e9sents au grand rassemblement des enfants \u00e0 l\u2019Abbaye de Sablonceaux. Pr\u00e8s de 300 enfants accompagn\u00e9s par leurs parents ont pass\u00e9 une belle journ\u00e9e !<\/p>\n\n\n\n<p class=\"has-luminous-vivid-orange-color has-text-color has-link-color has-medium-font-size wp-elements-ca248e06c39e21b638afa058a6c90f7a\">Bonnes vacances \u00e0 toutes et \u00e0 tous &#8230;&#8230;<\/p>\n\n\n\n<p><\/p>\n","protected":false},"excerpt":{"rendered":"<p>Retour sur les moments forts de ces derniers mois Le Dimanche 25 mai, nous nous sommes retrouv\u00e9s en l\u2019\u00e9glise de Neuillac autour de P\u00e8re B.Housset. Ev\u00eaque de Montauban, puis de [&hellip;]<\/p>\n","protected":false},"author":39,"featured_media":7886,"comment_status":"open","ping_status":"open","sticky":false,"template":"","format":"standard","meta":{"_et_pb_use_builder":"off","_et_pb_old_content":"","_et_gb_content_width":"","footnotes":""},"categories":[6,33],"tags":[],"class_list":["post-7931","post","type-post","status-publish","format-standard","has-post-thumbnail","hentry","category-actualite","category-paroisse"],"_links":{"self":[{"href":"https:\/\/catholiques17.fr\/archiac\/wp-json\/wp\/v2\/posts\/7931","targetHints":{"allow":["GET"]}}],"collection":[{"href":"https:\/\/catholiques17.fr\/archiac\/wp-json\/wp\/v2\/posts"}],"about":[{"href":"https:\/\/catholiques17.fr\/archiac\/wp-json\/wp\/v2\/types\/post"}],"author":[{"embeddable":true,"href":"https:\/\/catholiques17.fr\/archiac\/wp-json\/wp\/v2\/users\/39"}],"replies":[{"embeddable":true,"href":"https:\/\/catholiques17.fr\/archiac\/wp-json\/wp\/v2\/comments?post=7931"}],"version-history":[{"count":7,"href":"https:\/\/catholiques17.fr\/archiac\/wp-json\/wp\/v2\/posts\/7931\/revisions"}],"predecessor-version":[{"id":7954,"href":"https:\/\/catholiques17.fr\/archiac\/wp-json\/wp\/v2\/posts\/7931\/revisions\/7954"}],"wp:featuredmedia":[{"embeddable":true,"href":"https:\/\/catholiques17.fr\/archiac\/wp-json\/wp\/v2\/media\/7886"}],"wp:attachment":[{"href":"https:\/\/catholiques17.fr\/archiac\/wp-json\/wp\/v2\/media?parent=7931"}],"wp:term":[{"taxonomy":"category","embeddable":true,"href":"https:\/\/catholiques17.fr\/archiac\/wp-json\/wp\/v2\/categories?post=7931"},{"taxonomy":"post_tag","embeddable":true,"href":"https:\/\/catholiques17.fr\/archiac\/wp-json\/wp\/v2\/tags?post=7931"}],"curies":[{"name":"wp","href":"https:\/\/api.w.org\/{rel}","templated":true}]}}