{"id":7787,"date":"2025-05-14T11:09:43","date_gmt":"2025-05-14T09:09:43","guid":{"rendered":"https:\/\/catholiques17.fr\/archiac\/?p=7787"},"modified":"2025-05-27T16:54:17","modified_gmt":"2025-05-27T14:54:17","slug":"repas-paroissial-le-18-mai-a-allas-champagne","status":"publish","type":"post","link":"https:\/\/catholiques17.fr\/archiac\/2025\/05\/14\/repas-paroissial-le-18-mai-a-allas-champagne\/","title":{"rendered":"Vie de la Paroisse : Repas Paroissial du18 Mai \u00e0 Allas-Champagne"},"content":{"rendered":"\n<div style=\"height:21px\" aria-hidden=\"true\" class=\"wp-block-spacer\"><\/div>\n\n\n\n<p class=\"has-text-align-center has-luminous-vivid-orange-color has-text-color has-link-color wp-elements-62e3eff9c39b8d92026b0d26de7d4a42\">Notre Paroisse s\u2019est tr\u00e8s largement mobilis\u00e9e pour que ce temps paroissial soit un succ\u00e8s. Deux mots&nbsp;: <strong>R\u00e9ussite et Merci<\/strong>&nbsp;!<\/p>\n\n\n\n<figure class=\"wp-block-gallery has-nested-images columns-default is-cropped wp-block-gallery-1 is-layout-flex wp-block-gallery-is-layout-flex\">\n<figure class=\"wp-block-image size-large\"><img loading=\"lazy\" decoding=\"async\" width=\"800\" height=\"602\" data-id=\"7825\" src=\"https:\/\/catholiques17.fr\/archiac\/wp-content\/uploads\/sites\/26\/2025\/05\/Repas-Paroissial-3-1.jpg\" alt=\"\" class=\"wp-image-7825\" srcset=\"https:\/\/catholiques17.fr\/archiac\/wp-content\/uploads\/sites\/26\/2025\/05\/Repas-Paroissial-3-1.jpg 800w, https:\/\/catholiques17.fr\/archiac\/wp-content\/uploads\/sites\/26\/2025\/05\/Repas-Paroissial-3-1-480x361.jpg 480w\" sizes=\"(min-width: 0px) and (max-width: 480px) 480px, (min-width: 481px) 800px, 100vw\" \/><\/figure>\n\n\n\n<figure class=\"wp-block-image size-large\"><img loading=\"lazy\" decoding=\"async\" width=\"800\" height=\"602\" data-id=\"7824\" src=\"https:\/\/catholiques17.fr\/archiac\/wp-content\/uploads\/sites\/26\/2025\/05\/Repas-Paroissial-4.jpg\" alt=\"\" class=\"wp-image-7824\" srcset=\"https:\/\/catholiques17.fr\/archiac\/wp-content\/uploads\/sites\/26\/2025\/05\/Repas-Paroissial-4.jpg 800w, https:\/\/catholiques17.fr\/archiac\/wp-content\/uploads\/sites\/26\/2025\/05\/Repas-Paroissial-4-480x361.jpg 480w\" sizes=\"(min-width: 0px) and (max-width: 480px) 480px, (min-width: 481px) 800px, 100vw\" \/><\/figure>\n<\/figure>\n\n\n\n<p class=\"has-text-align-left has-luminous-vivid-orange-color has-text-color has-link-color wp-elements-f20d740e4e46a8b17d065d2ae8f0dc48\">La salle des f\u00eates d\u2019Allas Champagne \u00e9tait bien vivante ce dimanche&nbsp;!<\/p>\n\n\n\n<p class=\"has-text-align-left has-luminous-vivid-orange-color has-text-color has-link-color wp-elements-2a8b0176f36194daadfc85c8284770aa\">Merci \u00e0 Monsieur le Maire et \u00e0 l\u2019\u00e9quipe municipale de l\u2019avoir mis \u00e0 notre disposition.&nbsp;<\/p>\n\n\n\n<p class=\"has-text-align-left has-luminous-vivid-orange-color has-text-color has-link-color wp-elements-2a34a3e2acc6ca6fdd8760df7be70856\">Le repas \u00e9tait, selon les personnes pr\u00e9sentes \u2018\u2019d\u00e9licieux et copieux&nbsp;\u2018\u2019 ! &nbsp;Merci \u00e0 vous qui avez fait cuire le mouton&nbsp;!<\/p>\n\n\n\n<p class=\"has-text-align-center has-luminous-vivid-orange-color has-text-color has-link-color wp-elements-a22f635d27958830b102acdb63d7392c\">Merci aux cuisini\u00e8res, Merci \u00e0 Maxence qui a lav\u00e9 les plats. &nbsp;Merci \u00e0 tous pour votre participation.<\/p>\n\n\n\n<p class=\"has-text-align-center has-luminous-vivid-orange-color has-text-color has-link-color wp-elements-56d3ce748ffc87338e015539b40390e2\"><\/p>\n\n\n\n<figure class=\"wp-block-gallery has-nested-images columns-default is-cropped wp-block-gallery-2 is-layout-flex wp-block-gallery-is-layout-flex\">\n<figure class=\"wp-block-image size-large\"><img loading=\"lazy\" decoding=\"async\" width=\"800\" height=\"602\" data-id=\"7828\" src=\"https:\/\/catholiques17.fr\/archiac\/wp-content\/uploads\/sites\/26\/2025\/05\/Repas-Paroissial-5.jpg\" alt=\"\" class=\"wp-image-7828\" srcset=\"https:\/\/catholiques17.fr\/archiac\/wp-content\/uploads\/sites\/26\/2025\/05\/Repas-Paroissial-5.jpg 800w, https:\/\/catholiques17.fr\/archiac\/wp-content\/uploads\/sites\/26\/2025\/05\/Repas-Paroissial-5-480x361.jpg 480w\" sizes=\"(min-width: 0px) and (max-width: 480px) 480px, (min-width: 481px) 800px, 100vw\" \/><\/figure>\n\n\n\n<figure class=\"wp-block-image size-large\"><img loading=\"lazy\" decoding=\"async\" width=\"800\" height=\"602\" data-id=\"7826\" src=\"https:\/\/catholiques17.fr\/archiac\/wp-content\/uploads\/sites\/26\/2025\/05\/Repas-Paroissial-6.jpg\" alt=\"\" class=\"wp-image-7826\" srcset=\"https:\/\/catholiques17.fr\/archiac\/wp-content\/uploads\/sites\/26\/2025\/05\/Repas-Paroissial-6.jpg 800w, https:\/\/catholiques17.fr\/archiac\/wp-content\/uploads\/sites\/26\/2025\/05\/Repas-Paroissial-6-480x361.jpg 480w\" sizes=\"(min-width: 0px) and (max-width: 480px) 480px, (min-width: 481px) 800px, 100vw\" \/><\/figure>\n\n\n\n<figure class=\"wp-block-image size-large\"><img loading=\"lazy\" decoding=\"async\" width=\"800\" height=\"602\" data-id=\"7827\" src=\"https:\/\/catholiques17.fr\/archiac\/wp-content\/uploads\/sites\/26\/2025\/05\/Repas-Paroissial-7.jpg\" alt=\"\" class=\"wp-image-7827\" srcset=\"https:\/\/catholiques17.fr\/archiac\/wp-content\/uploads\/sites\/26\/2025\/05\/Repas-Paroissial-7.jpg 800w, https:\/\/catholiques17.fr\/archiac\/wp-content\/uploads\/sites\/26\/2025\/05\/Repas-Paroissial-7-480x361.jpg 480w\" sizes=\"(min-width: 0px) and (max-width: 480px) 480px, (min-width: 481px) 800px, 100vw\" \/><\/figure>\n<\/figure>\n\n\n\n<p class=\"has-text-align-center has-luminous-vivid-orange-color has-text-color has-link-color wp-elements-a2383ff3f9685f230ccc024af6cc71fe\">Comme il nous a \u00e9t\u00e9 \u00e9crit&nbsp;: En ce dimanche, nous avons donn\u00e9 l\u2019image de ce que peut \u00eatre&nbsp; la Fraternit\u00e9 Paroissiale.<\/p>\n","protected":false},"excerpt":{"rendered":"<p>Notre Paroisse s\u2019est tr\u00e8s largement mobilis\u00e9e pour que ce temps paroissial soit un succ\u00e8s. Deux mots&nbsp;: R\u00e9ussite et Merci&nbsp;! La salle des f\u00eates d\u2019Allas Champagne \u00e9tait bien vivante ce dimanche&nbsp;! [&hellip;]<\/p>\n","protected":false},"author":39,"featured_media":7822,"comment_status":"open","ping_status":"open","sticky":false,"template":"","format":"standard","meta":{"_et_pb_use_builder":"off","_et_pb_old_content":"","_et_gb_content_width":"","footnotes":""},"categories":[6,33],"tags":[],"class_list":["post-7787","post","type-post","status-publish","format-standard","has-post-thumbnail","hentry","category-actualite","category-paroisse"],"_links":{"self":[{"href":"https:\/\/catholiques17.fr\/archiac\/wp-json\/wp\/v2\/posts\/7787","targetHints":{"allow":["GET"]}}],"collection":[{"href":"https:\/\/catholiques17.fr\/archiac\/wp-json\/wp\/v2\/posts"}],"about":[{"href":"https:\/\/catholiques17.fr\/archiac\/wp-json\/wp\/v2\/types\/post"}],"author":[{"embeddable":true,"href":"https:\/\/catholiques17.fr\/archiac\/wp-json\/wp\/v2\/users\/39"}],"replies":[{"embeddable":true,"href":"https:\/\/catholiques17.fr\/archiac\/wp-json\/wp\/v2\/comments?post=7787"}],"version-history":[{"count":4,"href":"https:\/\/catholiques17.fr\/archiac\/wp-json\/wp\/v2\/posts\/7787\/revisions"}],"predecessor-version":[{"id":7832,"href":"https:\/\/catholiques17.fr\/archiac\/wp-json\/wp\/v2\/posts\/7787\/revisions\/7832"}],"wp:featuredmedia":[{"embeddable":true,"href":"https:\/\/catholiques17.fr\/archiac\/wp-json\/wp\/v2\/media\/7822"}],"wp:attachment":[{"href":"https:\/\/catholiques17.fr\/archiac\/wp-json\/wp\/v2\/media?parent=7787"}],"wp:term":[{"taxonomy":"category","embeddable":true,"href":"https:\/\/catholiques17.fr\/archiac\/wp-json\/wp\/v2\/categories?post=7787"},{"taxonomy":"post_tag","embeddable":true,"href":"https:\/\/catholiques17.fr\/archiac\/wp-json\/wp\/v2\/tags?post=7787"}],"curies":[{"name":"wp","href":"https:\/\/api.w.org\/{rel}","templated":true}]}}