{"id":7684,"date":"2025-03-26T11:36:18","date_gmt":"2025-03-26T10:36:18","guid":{"rendered":"https:\/\/catholiques17.fr\/archiac\/?p=7684"},"modified":"2025-03-26T11:36:25","modified_gmt":"2025-03-26T10:36:25","slug":"journee-de-preparation-a-leucharistie-a-saintes","status":"publish","type":"post","link":"https:\/\/catholiques17.fr\/archiac\/2025\/03\/26\/journee-de-preparation-a-leucharistie-a-saintes\/","title":{"rendered":"Journ\u00e9e de Pr\u00e9paration \u00e0 l&rsquo;Eucharistie \u00e0 Saintes"},"content":{"rendered":"\n<p class=\"has-text-align-center has-luminous-vivid-orange-color has-text-color has-link-color wp-elements-3f1da9a688976be2259944a31c730a71\"><strong>Temps fort pour les enfants et les adolescents<br>se pr\u00e9parant \u00e0 l\u2019 Eucharistie a lieu :<br>Samedi 5 avril de 9h30 \u00e0 16h30 \u00e0 la maison dioc\u00e9saine<\/strong><\/p>\n\n\n\n<figure class=\"wp-block-image aligncenter size-full\"><img loading=\"lazy\" decoding=\"async\" width=\"362\" height=\"527\" src=\"https:\/\/catholiques17.fr\/archiac\/wp-content\/uploads\/sites\/26\/2025\/03\/Temps-Fort-Eucharistie-1.jpg\" alt=\"\" class=\"wp-image-7686\" srcset=\"https:\/\/catholiques17.fr\/archiac\/wp-content\/uploads\/sites\/26\/2025\/03\/Temps-Fort-Eucharistie-1.jpg 362w, https:\/\/catholiques17.fr\/archiac\/wp-content\/uploads\/sites\/26\/2025\/03\/Temps-Fort-Eucharistie-1-206x300.jpg 206w\" sizes=\"(max-width: 362px) 100vw, 362px\" \/><\/figure>\n\n\n\n<p class=\"has-luminous-vivid-orange-color has-text-color has-link-color wp-elements-790799b247bb2e99ec1abff097d7b50c\">Cette ann\u00e9e&nbsp;<strong>cette journ\u00e9e s\u2019adresse aux enfants, mais \u00e9galement aux coll\u00e9giens et lyc\u00e9ens<\/strong>&nbsp;se pr\u00e9parant \u00e0 communier pour la premi\u00e8re fois. Des temps sp\u00e9cifiques leur seront propos\u00e9s durant cette journ\u00e9e inter g\u00e9n\u00e9rationnelle.<\/p>\n\n\n\n<p class=\"has-luminous-vivid-orange-color has-text-color has-link-color wp-elements-d1cdde4dfa5556c14ea235437c793669\">Vous trouverez en pi\u00e8ces jointes les fiches d\u2019inscription \u00e0 faire remplir et signer aux familles.<\/p>\n\n\n\n<p class=\"has-luminous-vivid-orange-color has-text-color has-link-color wp-elements-02b27f684ca6c440fd536735984b4b1e\">Attention : Pensez \u00e0 apporter un pique nique pour le repas.<\/p>\n","protected":false},"excerpt":{"rendered":"<p>Temps fort pour les enfants et les adolescentsse pr\u00e9parant \u00e0 l\u2019 Eucharistie a lieu :Samedi 5 avril de 9h30 \u00e0 16h30 \u00e0 la maison dioc\u00e9saine Cette ann\u00e9e&nbsp;cette journ\u00e9e s\u2019adresse aux [&hellip;]<\/p>\n","protected":false},"author":39,"featured_media":7685,"comment_status":"open","ping_status":"open","sticky":false,"template":"","format":"standard","meta":{"_et_pb_use_builder":"off","_et_pb_old_content":"","_et_gb_content_width":"","footnotes":""},"categories":[6,34,23,33],"tags":[],"class_list":["post-7684","post","type-post","status-publish","format-standard","has-post-thumbnail","hentry","category-actualite","category-catechisme","category-doyenne","category-paroisse"],"_links":{"self":[{"href":"https:\/\/catholiques17.fr\/archiac\/wp-json\/wp\/v2\/posts\/7684","targetHints":{"allow":["GET"]}}],"collection":[{"href":"https:\/\/catholiques17.fr\/archiac\/wp-json\/wp\/v2\/posts"}],"about":[{"href":"https:\/\/catholiques17.fr\/archiac\/wp-json\/wp\/v2\/types\/post"}],"author":[{"embeddable":true,"href":"https:\/\/catholiques17.fr\/archiac\/wp-json\/wp\/v2\/users\/39"}],"replies":[{"embeddable":true,"href":"https:\/\/catholiques17.fr\/archiac\/wp-json\/wp\/v2\/comments?post=7684"}],"version-history":[{"count":1,"href":"https:\/\/catholiques17.fr\/archiac\/wp-json\/wp\/v2\/posts\/7684\/revisions"}],"predecessor-version":[{"id":7687,"href":"https:\/\/catholiques17.fr\/archiac\/wp-json\/wp\/v2\/posts\/7684\/revisions\/7687"}],"wp:featuredmedia":[{"embeddable":true,"href":"https:\/\/catholiques17.fr\/archiac\/wp-json\/wp\/v2\/media\/7685"}],"wp:attachment":[{"href":"https:\/\/catholiques17.fr\/archiac\/wp-json\/wp\/v2\/media?parent=7684"}],"wp:term":[{"taxonomy":"category","embeddable":true,"href":"https:\/\/catholiques17.fr\/archiac\/wp-json\/wp\/v2\/categories?post=7684"},{"taxonomy":"post_tag","embeddable":true,"href":"https:\/\/catholiques17.fr\/archiac\/wp-json\/wp\/v2\/tags?post=7684"}],"curies":[{"name":"wp","href":"https:\/\/api.w.org\/{rel}","templated":true}]}}