{"id":7161,"date":"2024-05-07T14:34:30","date_gmt":"2024-05-07T12:34:30","guid":{"rendered":"https:\/\/catholiques17.fr\/archiac\/?p=7161"},"modified":"2024-05-07T14:35:27","modified_gmt":"2024-05-07T12:35:27","slug":"concert-a-germignac","status":"publish","type":"post","link":"https:\/\/catholiques17.fr\/archiac\/2024\/05\/07\/concert-a-germignac\/","title":{"rendered":"Concert \u00e0 Germignac le Samedi 18 Mai"},"content":{"rendered":"\n<div style=\"height:26px\" aria-hidden=\"true\" class=\"wp-block-spacer\"><\/div>\n\n\n\n<p class=\"has-luminous-vivid-orange-color has-text-color has-link-color wp-elements-b504d8f3b91c1b0212ca8a7deea31b7d\">L&rsquo;Association Rando Vall\u00e9e du N\u00e9 nous invite \u00e0 un concert donn\u00e9 par la Chorale de Saint P\u00e9 de Bigorre, <strong>Samedi 18 Mai \u00e0 18h \u00e0 l&rsquo;Eglise de Germignac.<\/strong><\/p>\n\n\n\n<p class=\"has-luminous-vivid-orange-color has-text-color has-link-color wp-elements-c23da6de43252ac0ece584216d04f3ec\">Concert libre participation \u00e0 l\u2019invitation de Rando Vall\u00e9e du N\u00e9<\/p>\n","protected":false},"excerpt":{"rendered":"<p>L&rsquo;Association Rando Vall\u00e9e du N\u00e9 nous invite \u00e0 un concert donn\u00e9 par la Chorale de Saint P\u00e9 de Bigorre, Samedi 18 Mai \u00e0 18h \u00e0 l&rsquo;Eglise de Germignac. Concert libre [&hellip;]<\/p>\n","protected":false},"author":39,"featured_media":7159,"comment_status":"open","ping_status":"open","sticky":false,"template":"","format":"standard","meta":{"_et_pb_use_builder":"off","_et_pb_old_content":"","_et_gb_content_width":"","footnotes":""},"categories":[6,31,33],"tags":[],"class_list":["post-7161","post","type-post","status-publish","format-standard","has-post-thumbnail","hentry","category-actualite","category-concert","category-paroisse"],"_links":{"self":[{"href":"https:\/\/catholiques17.fr\/archiac\/wp-json\/wp\/v2\/posts\/7161","targetHints":{"allow":["GET"]}}],"collection":[{"href":"https:\/\/catholiques17.fr\/archiac\/wp-json\/wp\/v2\/posts"}],"about":[{"href":"https:\/\/catholiques17.fr\/archiac\/wp-json\/wp\/v2\/types\/post"}],"author":[{"embeddable":true,"href":"https:\/\/catholiques17.fr\/archiac\/wp-json\/wp\/v2\/users\/39"}],"replies":[{"embeddable":true,"href":"https:\/\/catholiques17.fr\/archiac\/wp-json\/wp\/v2\/comments?post=7161"}],"version-history":[{"count":2,"href":"https:\/\/catholiques17.fr\/archiac\/wp-json\/wp\/v2\/posts\/7161\/revisions"}],"predecessor-version":[{"id":7163,"href":"https:\/\/catholiques17.fr\/archiac\/wp-json\/wp\/v2\/posts\/7161\/revisions\/7163"}],"wp:featuredmedia":[{"embeddable":true,"href":"https:\/\/catholiques17.fr\/archiac\/wp-json\/wp\/v2\/media\/7159"}],"wp:attachment":[{"href":"https:\/\/catholiques17.fr\/archiac\/wp-json\/wp\/v2\/media?parent=7161"}],"wp:term":[{"taxonomy":"category","embeddable":true,"href":"https:\/\/catholiques17.fr\/archiac\/wp-json\/wp\/v2\/categories?post=7161"},{"taxonomy":"post_tag","embeddable":true,"href":"https:\/\/catholiques17.fr\/archiac\/wp-json\/wp\/v2\/tags?post=7161"}],"curies":[{"name":"wp","href":"https:\/\/api.w.org\/{rel}","templated":true}]}}